{"id":24469,"date":"2022-09-16T17:44:21","date_gmt":"2022-09-16T17:44:21","guid":{"rendered":"https:\/\/www.elpolitologoyelpolitico.com.ar\/wordpress\/?p=24469"},"modified":"2022-09-16T17:45:34","modified_gmt":"2022-09-16T17:45:34","slug":"el-intendente-zara-participo-del-acto-por-el-dia-nacional-de-la-juventud","status":"publish","type":"post","link":"https:\/\/www.elpolitologoyelpolitico.com.ar\/wordpress\/2022\/09\/16\/el-intendente-zara-participo-del-acto-por-el-dia-nacional-de-la-juventud\/","title":{"rendered":"El Intendente Zara particip\u00f3 del acto por el D\u00eda Nacional de la Juventud"},"content":{"rendered":"\n<p>El Intendente Municipal, Ing. Jos\u00e9 Luis Zara, acompa\u00f1\u00f3 este jueves el acto en conmemoraci\u00f3n del D\u00eda Nacional de la Juventud, organizado por el Honorable Concejo Deliberante que se llev\u00f3 a cabo en el Teatro Espa\u00f1a.<\/p>\n\n\n\n<p>Con la presencia de concejales de los distintos bloques legislativos, autoridades educativas, funcionarios municipales, de las fuerzas de seguridad, medios de prensa, familiares y amigos, un importante grupo de j\u00f3venes que se desempe\u00f1an en los \u00e1mbitos deportivo; social; educativo y cultural, recibieron una distinci\u00f3n junto a la menci\u00f3n de sus logros y cualidades.<\/p>\n\n\n\n<p>El primer orador del evento, fue el Secretario de desarrollo Social, Dr. Leandro Merlo Ezcurra, qui\u00e9n inst\u00f3 a los j\u00f3venes \u201ca seguir trabajando con el mismo empe\u00f1o y fuerza que hoy hace que reciban este reconocimiento, para crecer como personas y para hacer crecer nuestro pa\u00eds\u201d, afirm\u00f3.<\/p>\n\n\n\n<p>En tanto, el jefe comunal brind\u00f3 unas palabras dirigidas especialmente a los j\u00f3venes y sus familias, destacando las pol\u00edticas que lleva adelante el gobierno municipal, que tienen como protagonistas a los mismos.&nbsp;<\/p>\n\n\n\n<p>En ese sentido, Zara mencion\u00f3 la puesta en marcha del Boleto Estudiantil Municipal, los programas sociales como el Envi\u00f3n, que incluyen a los j\u00f3venes del Distrito en el aprendizaje de oficios, destac\u00f3 el respaldo a las entidades deportivas no federadas a partir de la creaci\u00f3n del Consejo Municipal del Deporte, entre otras pol\u00edticas p\u00fablicas que se llevan adelante.<\/p>\n\n\n\n<p>Por su parte, el presidente del Concejo Deliberante, Julio Costantino, hizo menci\u00f3n de los hechos que dieron lugar al hist\u00f3rico D\u00eda Nacional de la Juventud, en 1976. De la misma manera, inst\u00f3 a los j\u00f3venes presentes a ir por sus sue\u00f1os y metas y mencion\u00f3 el trabajo conjunto entre el Concejo Deliberante, con el aporte de todos los bloques, y el Ejecutivo Municipal.<\/p>\n\n\n\n<figure class=\"wp-block-gallery has-nested-images columns-default is-cropped wp-block-gallery-1 is-layout-flex wp-block-gallery-is-layout-flex\">\n<figure class=\"wp-block-image size-large\"><img fetchpriority=\"high\" decoding=\"async\" width=\"720\" height=\"324\" data-id=\"24471\" src=\"https:\/\/www.elpolitologoyelpolitico.com.ar\/wp-content\/uploads\/2022\/09\/IMG-20220916-WA0020.jpg\" alt=\"\" class=\"wp-image-24471\" srcset=\"https:\/\/www.elpolitologoyelpolitico.com.ar\/wp-content\/uploads\/2022\/09\/IMG-20220916-WA0020.jpg 720w, https:\/\/www.elpolitologoyelpolitico.com.ar\/wp-content\/uploads\/2022\/09\/IMG-20220916-WA0020-300x135.jpg 300w\" sizes=\"(max-width: 720px) 100vw, 720px\" \/><\/figure>\n\n\n\n<figure class=\"wp-block-image size-large\"><img decoding=\"async\" width=\"720\" height=\"324\" data-id=\"24472\" src=\"https:\/\/www.elpolitologoyelpolitico.com.ar\/wp-content\/uploads\/2022\/09\/IMG-20220916-WA0018.jpg\" alt=\"\" class=\"wp-image-24472\" srcset=\"https:\/\/www.elpolitologoyelpolitico.com.ar\/wp-content\/uploads\/2022\/09\/IMG-20220916-WA0018.jpg 720w, https:\/\/www.elpolitologoyelpolitico.com.ar\/wp-content\/uploads\/2022\/09\/IMG-20220916-WA0018-300x135.jpg 300w\" sizes=\"(max-width: 720px) 100vw, 720px\" \/><\/figure>\n\n\n\n<figure class=\"wp-block-image size-large\"><img decoding=\"async\" width=\"720\" height=\"324\" data-id=\"24473\" src=\"https:\/\/www.elpolitologoyelpolitico.com.ar\/wp-content\/uploads\/2022\/09\/IMG-20220916-WA0019.jpg\" alt=\"\" class=\"wp-image-24473\" srcset=\"https:\/\/www.elpolitologoyelpolitico.com.ar\/wp-content\/uploads\/2022\/09\/IMG-20220916-WA0019.jpg 720w, https:\/\/www.elpolitologoyelpolitico.com.ar\/wp-content\/uploads\/2022\/09\/IMG-20220916-WA0019-300x135.jpg 300w\" sizes=\"(max-width: 720px) 100vw, 720px\" \/><\/figure>\n<\/figure>\n<div class=\"fb-background-color\">\n\t\t\t  <div \n\t\t\t  \tclass = \"fb-comments\" \n\t\t\t  \tdata-href = \"https:\/\/www.elpolitologoyelpolitico.com.ar\/wordpress\/2022\/09\/16\/el-intendente-zara-participo-del-acto-por-el-dia-nacional-de-la-juventud\/\"\n\t\t\t  \tdata-numposts = \"10\"\n\t\t\t  \tdata-lazy = \"true\"\n\t\t\t\tdata-colorscheme = \"light\"\n\t\t\t\tdata-order-by = \"social\"\n\t\t\t\tdata-mobile=true>\n\t\t\t  <\/div><\/div>\n\t\t  <style>\n\t\t    .fb-background-color {\n\t\t\t\tbackground: #ffffff !important;\n\t\t\t}\n\t\t\t.fb_iframe_widget_fluid_desktop iframe {\n\t\t\t    width: 100% !important;\n\t\t\t}\n\t\t  <\/style>\n\t\t  ","protected":false},"excerpt":{"rendered":"<p>El Intendente Municipal, Ing. Jos\u00e9 Luis Zara, acompa\u00f1\u00f3 este jueves el acto en conmemoraci\u00f3n del D\u00eda Nacional de la Juventud, organizado por el Honorable Concejo Deliberante que se llev\u00f3 a cabo en el Teatro Espa\u00f1a. Con la presencia de concejales de los distintos bloques legislativos, autoridades educativas, funcionarios municipales, de las fuerzas de seguridad, medios [&hellip;]<\/p>\n","protected":false},"author":4,"featured_media":24470,"comment_status":"closed","ping_status":"closed","sticky":false,"template":"","format":"standard","meta":{"_joinchat":[],"footnotes":""},"categories":[39],"tags":[],"class_list":["post-24469","post","type-post","status-publish","format-standard","has-post-thumbnail","hentry","category-en-esta-seccion"],"_links":{"self":[{"href":"https:\/\/www.elpolitologoyelpolitico.com.ar\/wordpress\/wp-json\/wp\/v2\/posts\/24469","targetHints":{"allow":["GET"]}}],"collection":[{"href":"https:\/\/www.elpolitologoyelpolitico.com.ar\/wordpress\/wp-json\/wp\/v2\/posts"}],"about":[{"href":"https:\/\/www.elpolitologoyelpolitico.com.ar\/wordpress\/wp-json\/wp\/v2\/types\/post"}],"author":[{"embeddable":true,"href":"https:\/\/www.elpolitologoyelpolitico.com.ar\/wordpress\/wp-json\/wp\/v2\/users\/4"}],"replies":[{"embeddable":true,"href":"https:\/\/www.elpolitologoyelpolitico.com.ar\/wordpress\/wp-json\/wp\/v2\/comments?post=24469"}],"version-history":[{"count":0,"href":"https:\/\/www.elpolitologoyelpolitico.com.ar\/wordpress\/wp-json\/wp\/v2\/posts\/24469\/revisions"}],"wp:featuredmedia":[{"embeddable":true,"href":"https:\/\/www.elpolitologoyelpolitico.com.ar\/wordpress\/wp-json\/wp\/v2\/media\/24470"}],"wp:attachment":[{"href":"https:\/\/www.elpolitologoyelpolitico.com.ar\/wordpress\/wp-json\/wp\/v2\/media?parent=24469"}],"wp:term":[{"taxonomy":"category","embeddable":true,"href":"https:\/\/www.elpolitologoyelpolitico.com.ar\/wordpress\/wp-json\/wp\/v2\/categories?post=24469"},{"taxonomy":"post_tag","embeddable":true,"href":"https:\/\/www.elpolitologoyelpolitico.com.ar\/wordpress\/wp-json\/wp\/v2\/tags?post=24469"}],"curies":[{"name":"wp","href":"https:\/\/api.w.org\/{rel}","templated":true}]}}