{"id":24454,"date":"2022-09-16T01:05:50","date_gmt":"2022-09-16T01:05:50","guid":{"rendered":"https:\/\/www.elpolitologoyelpolitico.com.ar\/wordpress\/?p=24454"},"modified":"2022-09-16T01:06:58","modified_gmt":"2022-09-16T01:06:58","slug":"realizan-operativos-en-viedma-por-venta-ilegal-en-las-calles","status":"publish","type":"post","link":"https:\/\/www.elpolitologoyelpolitico.com.ar\/wordpress\/2022\/09\/16\/realizan-operativos-en-viedma-por-venta-ilegal-en-las-calles\/","title":{"rendered":"Realizan operativos en Viedma por venta ilegal en las calles"},"content":{"rendered":"\n<p>Los Inspectores de La Subsecretaria de Proteccion Ciudadana estan realizando distinto operativos.<\/p>\n\n\n\n<p>En estos \u00faltimos d\u00edas llegaron a la Ciudad vendedores callejeros de otras partes, incluso de pa\u00edses lim\u00edtrofes y con ni\u00f1os para hacerlos trabajar.&nbsp;<\/p>\n\n\n\n<p><strong>\u00abPara los inspectores es muy dificil trabajar cuando se&nbsp; presentan estas situaciones porque algunos no entienden que esta prohibida la venta en la calle, en puestos fijos, como ocupar una vereda, o la puerta de salida de un cajero autom\u00e1tico o de un edificio p\u00fablico. Se puede ejercer la venta ambulante en tanto y en cuanto se obtenga la habilitaci\u00f3n correspondiente, y siempre para deambular y jam\u00e1s para estar en un puesto fijo\u201d<\/strong> sostuvieron desde la Subsecretaria de Protecci\u00f3n Ciudadana.<\/p>\n\n\n\n<p>Agregaron<strong> \u201cToda venta informal impacta sobre el comercio y sobre el empleo de los trabajadores de comercio, y nuestra obligaci\u00f3n es proteger al comercio y a los trabajadores que ejercen su actividad en orden a las normas vigentes\u201d.<\/strong><\/p>\n\n\n\n<p>Con respecto a las ventas en las calles indicaron <strong>\u00abCada vez que hay venta en la calle sin autorizar, sin habilitaci\u00f3n, hay un perjuicio sobre el comercio y el empleo formalizado. Por lo tanto nuestro deber es que las normas se cumplan y pedimos que la comunidad comprenda y nos apoye.&nbsp;<\/strong><\/p>\n\n\n\n<p>Por \u00faltimo finalizaron<strong> \u201cA veces creemos que una persona humilde, parada al lado de la calle con una bolsa de papas, est\u00e1 trabajando para \u00e9l aunque generalmente trabaja para un vivo que reparte por distintos sitios de la ciudad un vendedor con papas por aqu\u00ed, otro con un caj\u00f3n de zapallos mas all\u00e1, otro con medias o ropas, etc. As\u00ed logran armar una verduler\u00eda o tienda a\u00a0 cielo abierto sin ninguna habilitaci\u00f3n y en perjuicio del comercio\u201d<\/strong><\/p>\n\n\n\n<figure class=\"wp-block-image size-full\"><img fetchpriority=\"high\" decoding=\"async\" width=\"720\" height=\"720\" src=\"https:\/\/www.elpolitologoyelpolitico.com.ar\/wp-content\/uploads\/2022\/09\/IMG-20220915-WA0083.jpg\" alt=\"\" class=\"wp-image-24456\" srcset=\"https:\/\/www.elpolitologoyelpolitico.com.ar\/wp-content\/uploads\/2022\/09\/IMG-20220915-WA0083.jpg 720w, https:\/\/www.elpolitologoyelpolitico.com.ar\/wp-content\/uploads\/2022\/09\/IMG-20220915-WA0083-300x300.jpg 300w, https:\/\/www.elpolitologoyelpolitico.com.ar\/wp-content\/uploads\/2022\/09\/IMG-20220915-WA0083-150x150.jpg 150w\" sizes=\"(max-width: 720px) 100vw, 720px\" \/><\/figure>\n<div class=\"fb-background-color\">\n\t\t\t  <div \n\t\t\t  \tclass = \"fb-comments\" \n\t\t\t  \tdata-href = \"https:\/\/www.elpolitologoyelpolitico.com.ar\/wordpress\/2022\/09\/16\/realizan-operativos-en-viedma-por-venta-ilegal-en-las-calles\/\"\n\t\t\t  \tdata-numposts = \"10\"\n\t\t\t  \tdata-lazy = \"true\"\n\t\t\t\tdata-colorscheme = \"light\"\n\t\t\t\tdata-order-by = \"social\"\n\t\t\t\tdata-mobile=true>\n\t\t\t  <\/div><\/div>\n\t\t  <style>\n\t\t    .fb-background-color {\n\t\t\t\tbackground: #ffffff !important;\n\t\t\t}\n\t\t\t.fb_iframe_widget_fluid_desktop iframe {\n\t\t\t    width: 100% !important;\n\t\t\t}\n\t\t  <\/style>\n\t\t  ","protected":false},"excerpt":{"rendered":"<p>Los Inspectores de La Subsecretaria de Proteccion Ciudadana estan realizando distinto operativos. En estos \u00faltimos d\u00edas llegaron a la Ciudad vendedores callejeros de otras partes, incluso de pa\u00edses lim\u00edtrofes y con ni\u00f1os para hacerlos trabajar.&nbsp; \u00abPara los inspectores es muy dificil trabajar cuando se&nbsp; presentan estas situaciones porque algunos no entienden que esta prohibida la [&hellip;]<\/p>\n","protected":false},"author":4,"featured_media":24455,"comment_status":"closed","ping_status":"closed","sticky":false,"template":"","format":"standard","meta":{"_joinchat":[],"footnotes":""},"categories":[39],"tags":[],"class_list":["post-24454","post","type-post","status-publish","format-standard","has-post-thumbnail","hentry","category-en-esta-seccion"],"_links":{"self":[{"href":"https:\/\/www.elpolitologoyelpolitico.com.ar\/wordpress\/wp-json\/wp\/v2\/posts\/24454","targetHints":{"allow":["GET"]}}],"collection":[{"href":"https:\/\/www.elpolitologoyelpolitico.com.ar\/wordpress\/wp-json\/wp\/v2\/posts"}],"about":[{"href":"https:\/\/www.elpolitologoyelpolitico.com.ar\/wordpress\/wp-json\/wp\/v2\/types\/post"}],"author":[{"embeddable":true,"href":"https:\/\/www.elpolitologoyelpolitico.com.ar\/wordpress\/wp-json\/wp\/v2\/users\/4"}],"replies":[{"embeddable":true,"href":"https:\/\/www.elpolitologoyelpolitico.com.ar\/wordpress\/wp-json\/wp\/v2\/comments?post=24454"}],"version-history":[{"count":0,"href":"https:\/\/www.elpolitologoyelpolitico.com.ar\/wordpress\/wp-json\/wp\/v2\/posts\/24454\/revisions"}],"wp:featuredmedia":[{"embeddable":true,"href":"https:\/\/www.elpolitologoyelpolitico.com.ar\/wordpress\/wp-json\/wp\/v2\/media\/24455"}],"wp:attachment":[{"href":"https:\/\/www.elpolitologoyelpolitico.com.ar\/wordpress\/wp-json\/wp\/v2\/media?parent=24454"}],"wp:term":[{"taxonomy":"category","embeddable":true,"href":"https:\/\/www.elpolitologoyelpolitico.com.ar\/wordpress\/wp-json\/wp\/v2\/categories?post=24454"},{"taxonomy":"post_tag","embeddable":true,"href":"https:\/\/www.elpolitologoyelpolitico.com.ar\/wordpress\/wp-json\/wp\/v2\/tags?post=24454"}],"curies":[{"name":"wp","href":"https:\/\/api.w.org\/{rel}","templated":true}]}}