{"id":24450,"date":"2022-09-15T23:35:11","date_gmt":"2022-09-15T23:35:11","guid":{"rendered":"https:\/\/www.elpolitologoyelpolitico.com.ar\/wordpress\/?p=24450"},"modified":"2022-09-15T23:36:21","modified_gmt":"2022-09-15T23:36:21","slug":"el-balneario-el-condor-tendra-su-estacion-de-servicios","status":"publish","type":"post","link":"https:\/\/www.elpolitologoyelpolitico.com.ar\/wordpress\/2022\/09\/15\/el-balneario-el-condor-tendra-su-estacion-de-servicios\/","title":{"rendered":"El balneario El C\u00f3ndor tendr\u00e1 su Estaci\u00f3n de Servicios"},"content":{"rendered":"\n<p>El intendente Pedro Pesatti junto Alberto Pozzo Ardizzi presidente de Pozzo Ardizzi S.A, firm\u00f3 el acta compromiso para la construcci\u00f3n de una estaci\u00f3n de servicios en el balneario El C\u00f3ndor.<\/p>\n\n\n\n<p>\u00abEsto es producto de la articulaci\u00f3n entre la empresa estatal YPF, Pozzo Ardizzi S.A y el gobierno de Viedma, que va a saldar una demanda hist\u00f3rica de quienes habitan en el balneario El C\u00f3ndor y tambi\u00e9n de quienes eligen nuestra zona para vacacionar\u00bb expres\u00f3 el intendente Pesatti.<\/p>\n\n\n\n<p>A su vez el mandatario agreg\u00f3 que \u00abAdem\u00e1s de un servicio es trabajo para el sector de la construcci\u00f3n&nbsp; y fuente de empleo una vez que la estaci\u00f3n est\u00e9 funcionando\u00bb.<\/p>\n\n\n\n<p>\u00abCuando asumimos en el gobierno municipal nos propusimos tener una estaci\u00f3n de servicios en el camino costero de nuestro ejido. Tuvimos algunos problemas de autorizaci\u00f3n que se agravaron con la llegada de la pandemia pero eso no fren\u00f3 las gestiones con la empresa YPF, con quien tenemos una excelente relaci\u00f3n,&nbsp; al igual que con el empresario Pozzo Ardizzi, y eso est\u00e1 reflejado hoy con la firma de este acta acuerdo\u00bb&nbsp; remarc\u00f3 Pesatti.<\/p>\n\n\n\n<p>La futura estaci\u00f3n de servicios estar\u00e1 ubicada en la entrada a la villa mar\u00edtima y se construir\u00e1 en un predio cedido por el municipio viedmense, terreno de propiedad municipal conforme a la ordenanza N\u00b0 8074.<\/p>\n\n\n\n<p>Se trata de una inversi\u00f3n de m\u00e1s de 300.000 mil d\u00f3lares aportados por la empresa Pozzo Ardizzi S.A., que sumado al esfuerzo estatal -YPF y municipalidad de Viedma-, rondar\u00e1 los 500.000 mil d\u00f3lares.<\/p>\n<div class=\"fb-background-color\">\n\t\t\t  <div \n\t\t\t  \tclass = \"fb-comments\" \n\t\t\t  \tdata-href = \"https:\/\/www.elpolitologoyelpolitico.com.ar\/wordpress\/2022\/09\/15\/el-balneario-el-condor-tendra-su-estacion-de-servicios\/\"\n\t\t\t  \tdata-numposts = \"10\"\n\t\t\t  \tdata-lazy = \"true\"\n\t\t\t\tdata-colorscheme = \"light\"\n\t\t\t\tdata-order-by = \"social\"\n\t\t\t\tdata-mobile=true>\n\t\t\t  <\/div><\/div>\n\t\t  <style>\n\t\t    .fb-background-color {\n\t\t\t\tbackground: #ffffff !important;\n\t\t\t}\n\t\t\t.fb_iframe_widget_fluid_desktop iframe {\n\t\t\t    width: 100% !important;\n\t\t\t}\n\t\t  <\/style>\n\t\t  ","protected":false},"excerpt":{"rendered":"<p>El intendente Pedro Pesatti junto Alberto Pozzo Ardizzi presidente de Pozzo Ardizzi S.A, firm\u00f3 el acta compromiso para la construcci\u00f3n de una estaci\u00f3n de servicios en el balneario El C\u00f3ndor. \u00abEsto es producto de la articulaci\u00f3n entre la empresa estatal YPF, Pozzo Ardizzi S.A y el gobierno de Viedma, que va a saldar una demanda [&hellip;]<\/p>\n","protected":false},"author":4,"featured_media":24451,"comment_status":"closed","ping_status":"closed","sticky":false,"template":"","format":"standard","meta":{"_joinchat":[],"footnotes":""},"categories":[39],"tags":[],"class_list":["post-24450","post","type-post","status-publish","format-standard","has-post-thumbnail","hentry","category-en-esta-seccion"],"_links":{"self":[{"href":"https:\/\/www.elpolitologoyelpolitico.com.ar\/wordpress\/wp-json\/wp\/v2\/posts\/24450","targetHints":{"allow":["GET"]}}],"collection":[{"href":"https:\/\/www.elpolitologoyelpolitico.com.ar\/wordpress\/wp-json\/wp\/v2\/posts"}],"about":[{"href":"https:\/\/www.elpolitologoyelpolitico.com.ar\/wordpress\/wp-json\/wp\/v2\/types\/post"}],"author":[{"embeddable":true,"href":"https:\/\/www.elpolitologoyelpolitico.com.ar\/wordpress\/wp-json\/wp\/v2\/users\/4"}],"replies":[{"embeddable":true,"href":"https:\/\/www.elpolitologoyelpolitico.com.ar\/wordpress\/wp-json\/wp\/v2\/comments?post=24450"}],"version-history":[{"count":0,"href":"https:\/\/www.elpolitologoyelpolitico.com.ar\/wordpress\/wp-json\/wp\/v2\/posts\/24450\/revisions"}],"wp:featuredmedia":[{"embeddable":true,"href":"https:\/\/www.elpolitologoyelpolitico.com.ar\/wordpress\/wp-json\/wp\/v2\/media\/24451"}],"wp:attachment":[{"href":"https:\/\/www.elpolitologoyelpolitico.com.ar\/wordpress\/wp-json\/wp\/v2\/media?parent=24450"}],"wp:term":[{"taxonomy":"category","embeddable":true,"href":"https:\/\/www.elpolitologoyelpolitico.com.ar\/wordpress\/wp-json\/wp\/v2\/categories?post=24450"},{"taxonomy":"post_tag","embeddable":true,"href":"https:\/\/www.elpolitologoyelpolitico.com.ar\/wordpress\/wp-json\/wp\/v2\/tags?post=24450"}],"curies":[{"name":"wp","href":"https:\/\/api.w.org\/{rel}","templated":true}]}}