{"id":24444,"date":"2022-09-15T23:26:34","date_gmt":"2022-09-15T23:26:34","guid":{"rendered":"https:\/\/www.elpolitologoyelpolitico.com.ar\/wordpress\/?p=24444"},"modified":"2022-09-15T23:26:59","modified_gmt":"2022-09-15T23:26:59","slug":"importante-convenio-beneficiara-a-los-jovenes-del-distrito","status":"publish","type":"post","link":"https:\/\/www.elpolitologoyelpolitico.com.ar\/wordpress\/2022\/09\/15\/importante-convenio-beneficiara-a-los-jovenes-del-distrito\/","title":{"rendered":"Importante convenio beneficiar\u00e1 a los j\u00f3venes del Distrito"},"content":{"rendered":"\n<p>La Coordinadora de Programas P\u00fablicos, Maria Ciccone, particip\u00f3 en la ciudad de La Plata\u00bb de la firma de un convenio novedoso, que beneficiara a j\u00f3venes del el Partido de Patagones.<\/p>\n\n\n\n<p>El mismo fue firmado con la empresa \u00abStreambe\u00bb y est\u00e1 destinado a j\u00f3venes del \u00faltimo a\u00f1o de la secundaria en el \u00e1mbito del AMBA, en el marco del sistema de pr\u00e1cticas profesionales con instituciones educativas del nivel secundario y t\u00e9cnico.<\/p>\n\n\n\n<p>Ciccone destac\u00f3 que, son becas completas a 1500 j\u00f3venes y el \u00fanico requisito es estar cursando el \u00faltimo a\u00f1o de la escuela secundaria, contar con computadora con un m\u00ednimo 4GB de RAM y disco de 250 GB, conexi\u00f3n a internet estable y auriculares.<\/p>\n\n\n\n<p>Al mismo tiempo indic\u00f3 que se formar\u00e1n 1500 j\u00f3venes en habilidades t\u00e9cnicas tecnol\u00f3gicas y blandas para contribuir en su desarrollo integral,&nbsp; lograr la articulaci\u00f3n entre las escuelas y colegios secundarios con el mundo del trabajo, conectar a los j\u00f3venes egresados con oportunidades de empleo de calidad en el mundo IT, crear oportunidades para la continuidad formativa en educaci\u00f3n universitaria y el desarrollo laboral entre los j\u00f3venes.<\/p>\n\n\n\n<p>El convenio pretende brindar a trav\u00e9s del proyecto Bootcamp \u201cGeneraci\u00f3n T\u201d a adquirir las competencias altamente demandadas para acceder directamente al mercado laboral tecnol\u00f3gico.<\/p>\n\n\n\n<figure class=\"wp-block-image size-full\"><img fetchpriority=\"high\" decoding=\"async\" width=\"720\" height=\"505\" src=\"https:\/\/www.elpolitologoyelpolitico.com.ar\/wp-content\/uploads\/2022\/09\/IMG-20220915-WA0031.jpg\" alt=\"\" class=\"wp-image-24447\" srcset=\"https:\/\/www.elpolitologoyelpolitico.com.ar\/wp-content\/uploads\/2022\/09\/IMG-20220915-WA0031.jpg 720w, https:\/\/www.elpolitologoyelpolitico.com.ar\/wp-content\/uploads\/2022\/09\/IMG-20220915-WA0031-300x210.jpg 300w\" sizes=\"(max-width: 720px) 100vw, 720px\" \/><\/figure>\n<div class=\"fb-background-color\">\n\t\t\t  <div \n\t\t\t  \tclass = \"fb-comments\" \n\t\t\t  \tdata-href = \"https:\/\/www.elpolitologoyelpolitico.com.ar\/wordpress\/2022\/09\/15\/importante-convenio-beneficiara-a-los-jovenes-del-distrito\/\"\n\t\t\t  \tdata-numposts = \"10\"\n\t\t\t  \tdata-lazy = \"true\"\n\t\t\t\tdata-colorscheme = \"light\"\n\t\t\t\tdata-order-by = \"social\"\n\t\t\t\tdata-mobile=true>\n\t\t\t  <\/div><\/div>\n\t\t  <style>\n\t\t    .fb-background-color {\n\t\t\t\tbackground: #ffffff !important;\n\t\t\t}\n\t\t\t.fb_iframe_widget_fluid_desktop iframe {\n\t\t\t    width: 100% !important;\n\t\t\t}\n\t\t  <\/style>\n\t\t  ","protected":false},"excerpt":{"rendered":"<p>La Coordinadora de Programas P\u00fablicos, Maria Ciccone, particip\u00f3 en la ciudad de La Plata\u00bb de la firma de un convenio novedoso, que beneficiara a j\u00f3venes del el Partido de Patagones. El mismo fue firmado con la empresa \u00abStreambe\u00bb y est\u00e1 destinado a j\u00f3venes del \u00faltimo a\u00f1o de la secundaria en el \u00e1mbito del AMBA, en [&hellip;]<\/p>\n","protected":false},"author":4,"featured_media":24445,"comment_status":"closed","ping_status":"closed","sticky":false,"template":"","format":"standard","meta":{"_joinchat":[],"footnotes":""},"categories":[4],"tags":[],"class_list":["post-24444","post","type-post","status-publish","format-standard","has-post-thumbnail","hentry","category-politicas-publicas"],"_links":{"self":[{"href":"https:\/\/www.elpolitologoyelpolitico.com.ar\/wordpress\/wp-json\/wp\/v2\/posts\/24444","targetHints":{"allow":["GET"]}}],"collection":[{"href":"https:\/\/www.elpolitologoyelpolitico.com.ar\/wordpress\/wp-json\/wp\/v2\/posts"}],"about":[{"href":"https:\/\/www.elpolitologoyelpolitico.com.ar\/wordpress\/wp-json\/wp\/v2\/types\/post"}],"author":[{"embeddable":true,"href":"https:\/\/www.elpolitologoyelpolitico.com.ar\/wordpress\/wp-json\/wp\/v2\/users\/4"}],"replies":[{"embeddable":true,"href":"https:\/\/www.elpolitologoyelpolitico.com.ar\/wordpress\/wp-json\/wp\/v2\/comments?post=24444"}],"version-history":[{"count":0,"href":"https:\/\/www.elpolitologoyelpolitico.com.ar\/wordpress\/wp-json\/wp\/v2\/posts\/24444\/revisions"}],"wp:featuredmedia":[{"embeddable":true,"href":"https:\/\/www.elpolitologoyelpolitico.com.ar\/wordpress\/wp-json\/wp\/v2\/media\/24445"}],"wp:attachment":[{"href":"https:\/\/www.elpolitologoyelpolitico.com.ar\/wordpress\/wp-json\/wp\/v2\/media?parent=24444"}],"wp:term":[{"taxonomy":"category","embeddable":true,"href":"https:\/\/www.elpolitologoyelpolitico.com.ar\/wordpress\/wp-json\/wp\/v2\/categories?post=24444"},{"taxonomy":"post_tag","embeddable":true,"href":"https:\/\/www.elpolitologoyelpolitico.com.ar\/wordpress\/wp-json\/wp\/v2\/tags?post=24444"}],"curies":[{"name":"wp","href":"https:\/\/api.w.org\/{rel}","templated":true}]}}