{"id":24437,"date":"2022-09-15T23:14:50","date_gmt":"2022-09-15T23:14:50","guid":{"rendered":"https:\/\/www.elpolitologoyelpolitico.com.ar\/wordpress\/?p=24437"},"modified":"2022-09-15T23:15:18","modified_gmt":"2022-09-15T23:15:18","slug":"se-pesento-la-8va-edicion-de-la-fiesta-provincial-de-los-frutos-secos","status":"publish","type":"post","link":"https:\/\/www.elpolitologoyelpolitico.com.ar\/wordpress\/2022\/09\/15\/se-pesento-la-8va-edicion-de-la-fiesta-provincial-de-los-frutos-secos\/","title":{"rendered":"SE PESENT\u00d3 LA 8va EDICI\u00d3N DE LA FIESTA PROVINCIAL DE LOS FRUTOS SECOS"},"content":{"rendered":"\n<p>Se viene una nueva edici\u00f3n de la Fiesta Provincial de los Frutos secos en Viedma.<\/p>\n\n\n\n<p>Este evento reconocido a Nivel Provincial y Nacional permite evidenciar toda la Cultura e Identidad que existe en la Provincia de Rio Negro con respecto a los Frutos Secos.&nbsp;<\/p>\n\n\n\n<p>Adem\u00e1s, conocer toda su variedad en la zona atl\u00e1ntica, su producci\u00f3n, gastronom\u00eda, entre otras.&nbsp;<\/p>\n\n\n\n<p>La Fiesta ser\u00e1 los d\u00edas 23, 24 y 25 de septiembre en el Centro Cultural de Viedma.&nbsp;<\/p>\n\n\n\n<p>Durante esos d\u00edas, la comunidad podr\u00e1 disfrutar de clases magistrales, stands y ventas.<\/p>\n\n\n\n<figure class=\"wp-block-gallery has-nested-images columns-default is-cropped wp-block-gallery-1 is-layout-flex wp-block-gallery-is-layout-flex\">\n<figure class=\"wp-block-image size-large\"><img fetchpriority=\"high\" decoding=\"async\" width=\"720\" height=\"576\" data-id=\"24440\" src=\"https:\/\/www.elpolitologoyelpolitico.com.ar\/wp-content\/uploads\/2022\/09\/IMG-20220915-WA0024.jpg\" alt=\"\" class=\"wp-image-24440\" srcset=\"https:\/\/www.elpolitologoyelpolitico.com.ar\/wp-content\/uploads\/2022\/09\/IMG-20220915-WA0024.jpg 720w, https:\/\/www.elpolitologoyelpolitico.com.ar\/wp-content\/uploads\/2022\/09\/IMG-20220915-WA0024-300x240.jpg 300w\" sizes=\"(max-width: 720px) 100vw, 720px\" \/><\/figure>\n\n\n\n<figure class=\"wp-block-image size-large\"><img decoding=\"async\" width=\"720\" height=\"584\" data-id=\"24439\" src=\"https:\/\/www.elpolitologoyelpolitico.com.ar\/wp-content\/uploads\/2022\/09\/IMG-20220915-WA0025.jpg\" alt=\"\" class=\"wp-image-24439\" srcset=\"https:\/\/www.elpolitologoyelpolitico.com.ar\/wp-content\/uploads\/2022\/09\/IMG-20220915-WA0025.jpg 720w, https:\/\/www.elpolitologoyelpolitico.com.ar\/wp-content\/uploads\/2022\/09\/IMG-20220915-WA0025-300x243.jpg 300w\" sizes=\"(max-width: 720px) 100vw, 720px\" \/><\/figure>\n\n\n\n<figure class=\"wp-block-image size-large\"><img decoding=\"async\" width=\"720\" height=\"572\" data-id=\"24441\" src=\"https:\/\/www.elpolitologoyelpolitico.com.ar\/wp-content\/uploads\/2022\/09\/IMG-20220915-WA0026.jpg\" alt=\"\" class=\"wp-image-24441\" srcset=\"https:\/\/www.elpolitologoyelpolitico.com.ar\/wp-content\/uploads\/2022\/09\/IMG-20220915-WA0026.jpg 720w, https:\/\/www.elpolitologoyelpolitico.com.ar\/wp-content\/uploads\/2022\/09\/IMG-20220915-WA0026-300x238.jpg 300w\" sizes=\"(max-width: 720px) 100vw, 720px\" \/><\/figure>\n<\/figure>\n<div class=\"fb-background-color\">\n\t\t\t  <div \n\t\t\t  \tclass = \"fb-comments\" \n\t\t\t  \tdata-href = \"https:\/\/www.elpolitologoyelpolitico.com.ar\/wordpress\/2022\/09\/15\/se-pesento-la-8va-edicion-de-la-fiesta-provincial-de-los-frutos-secos\/\"\n\t\t\t  \tdata-numposts = \"10\"\n\t\t\t  \tdata-lazy = \"true\"\n\t\t\t\tdata-colorscheme = \"light\"\n\t\t\t\tdata-order-by = \"social\"\n\t\t\t\tdata-mobile=true>\n\t\t\t  <\/div><\/div>\n\t\t  <style>\n\t\t    .fb-background-color {\n\t\t\t\tbackground: #ffffff !important;\n\t\t\t}\n\t\t\t.fb_iframe_widget_fluid_desktop iframe {\n\t\t\t    width: 100% !important;\n\t\t\t}\n\t\t  <\/style>\n\t\t  ","protected":false},"excerpt":{"rendered":"<p>Se viene una nueva edici\u00f3n de la Fiesta Provincial de los Frutos secos en Viedma. Este evento reconocido a Nivel Provincial y Nacional permite evidenciar toda la Cultura e Identidad que existe en la Provincia de Rio Negro con respecto a los Frutos Secos.&nbsp; Adem\u00e1s, conocer toda su variedad en la zona atl\u00e1ntica, su producci\u00f3n, [&hellip;]<\/p>\n","protected":false},"author":4,"featured_media":24438,"comment_status":"closed","ping_status":"closed","sticky":false,"template":"","format":"standard","meta":{"_joinchat":[],"footnotes":""},"categories":[39],"tags":[],"class_list":["post-24437","post","type-post","status-publish","format-standard","has-post-thumbnail","hentry","category-en-esta-seccion"],"_links":{"self":[{"href":"https:\/\/www.elpolitologoyelpolitico.com.ar\/wordpress\/wp-json\/wp\/v2\/posts\/24437","targetHints":{"allow":["GET"]}}],"collection":[{"href":"https:\/\/www.elpolitologoyelpolitico.com.ar\/wordpress\/wp-json\/wp\/v2\/posts"}],"about":[{"href":"https:\/\/www.elpolitologoyelpolitico.com.ar\/wordpress\/wp-json\/wp\/v2\/types\/post"}],"author":[{"embeddable":true,"href":"https:\/\/www.elpolitologoyelpolitico.com.ar\/wordpress\/wp-json\/wp\/v2\/users\/4"}],"replies":[{"embeddable":true,"href":"https:\/\/www.elpolitologoyelpolitico.com.ar\/wordpress\/wp-json\/wp\/v2\/comments?post=24437"}],"version-history":[{"count":0,"href":"https:\/\/www.elpolitologoyelpolitico.com.ar\/wordpress\/wp-json\/wp\/v2\/posts\/24437\/revisions"}],"wp:featuredmedia":[{"embeddable":true,"href":"https:\/\/www.elpolitologoyelpolitico.com.ar\/wordpress\/wp-json\/wp\/v2\/media\/24438"}],"wp:attachment":[{"href":"https:\/\/www.elpolitologoyelpolitico.com.ar\/wordpress\/wp-json\/wp\/v2\/media?parent=24437"}],"wp:term":[{"taxonomy":"category","embeddable":true,"href":"https:\/\/www.elpolitologoyelpolitico.com.ar\/wordpress\/wp-json\/wp\/v2\/categories?post=24437"},{"taxonomy":"post_tag","embeddable":true,"href":"https:\/\/www.elpolitologoyelpolitico.com.ar\/wordpress\/wp-json\/wp\/v2\/tags?post=24437"}],"curies":[{"name":"wp","href":"https:\/\/api.w.org\/{rel}","templated":true}]}}