{"id":24414,"date":"2022-09-15T17:44:17","date_gmt":"2022-09-15T17:44:17","guid":{"rendered":"https:\/\/www.elpolitologoyelpolitico.com.ar\/wordpress\/?p=24414"},"modified":"2022-09-15T18:10:03","modified_gmt":"2022-09-15T18:10:03","slug":"se-viene-el-2-congreso-de-la-cgt","status":"publish","type":"post","link":"https:\/\/www.elpolitologoyelpolitico.com.ar\/wordpress\/2022\/09\/15\/se-viene-el-2-congreso-de-la-cgt\/","title":{"rendered":"Se viene el 2\u00b0 Congreso de la CGT"},"content":{"rendered":"\n<p>El 2\u00b0 Congreso ser\u00e1 el viernes 16 de septiembre&nbsp; de 18 a 20 horas por zoom y est\u00e1 organizado por la CGT Regional Bah\u00eda Blanca, Regional Zona Atl\u00e1ntica. Rio Negro&nbsp; y Subdelegaci\u00f3n Patagones.&nbsp;<\/p>\n\n\n\n<p>Con respecto a este Congreso la representante de la CGT Distrital Betina P\u00e1ez indico <strong>\u201cLa idea surgi\u00f3 hace un tiempo atr\u00e1s para analizar que hac\u00edamos las organizaciones y que vuelta le damos al sindicalismo. Adem\u00e1s, de la importancia que tiene el sindicalismo argentino\u201d.<\/strong><\/p>\n\n\n\n<p>Agreg\u00f3 <strong>\u00abMe parece interesante tener esta mirada en donde se puede generar un&nbsp; espacio para la construcci\u00f3n del debate y analizar determinadas cuestiones y situaciones\u00bb<\/strong><\/p>\n\n\n\n<p>Las tres tem\u00e1ticas principales en el Congreso son Educaci\u00f3n, trabajo y econom\u00edas alternativas.<\/p>\n\n\n\n<p><strong>\u00abSer\u00e1n muchos expositores con mucho trabajo territorial y mucho desarrollo\u00bb <\/strong>expres\u00f3 Paez.<\/p>\n\n\n\n<p>Otro tema a tratar ser\u00e1 el Hidrogeno Verde que ya tiene un reconocimiento Nacional e Internacional y la referente Distrital Sostuvo <strong>\u00abEl Hidrogeno verde es un tema muy importante para nuestra Comarca y mucho no se conoce. La idea es dar a conocer y difundir esta \u00e1rea para que el sindicalismo pueda realizar un aporte mas\u00bb.<\/strong><\/p>\n\n\n\n<p>&nbsp;<strong>EXPOSITORES:<\/strong><\/p>\n\n\n\n<p>\u25cf Alejandro Salcedo. Sec Pcial de Udocba&nbsp;<\/p>\n\n\n\n<p>\u25cf Oscar Cuartango. Ex Ministro de Trabajo pcia. De Bs As<\/p>\n\n\n\n<p>\u25cf Carlos Selva Diputado Nacional. Frente de Todos<\/p>\n\n\n\n<p>\u25cf Prof. Patricio Soleimano: Pres. Instituto Hidrogeno Verde. Rio Negro<\/p>\n\n\n\n<p>\u25cf Guillermo Otorlano: Coordinador de Apoyo a la Formaci\u00f3n Sindical del MTEySS. Bs As<\/p>\n\n\n\n<p>\u25cf Martin Quevedo: Secretario de Medio Ambiente. Asura. Bs AS<\/p>\n\n\n\n<p>\u25cf Fernando Fuentes: Jefe Agencia TERRITORIAL VIEDMA, MTEySS&nbsp; de Naci\u00f3n. pcia. Rio Negro<\/p>\n\n\n\n<p>\u25cf Vanesa Cacho: Concejal. Viedma. PAR.&nbsp; Pcia de Rio Negro<\/p>\n\n\n\n<p>\u25cf&nbsp;&nbsp;&nbsp; Sec de CGT Regional Bah\u00eda Blanca: Apertura<\/p>\n\n\n\n<p>\u25cf Sec de CGT Regional Zona Atl\u00e1ntica de Rio Negro: Dami\u00e1n Miler Cierre<\/p>\n\n\n\n<p><\/p>\n<div class=\"fb-background-color\">\n\t\t\t  <div \n\t\t\t  \tclass = \"fb-comments\" \n\t\t\t  \tdata-href = \"https:\/\/www.elpolitologoyelpolitico.com.ar\/wordpress\/2022\/09\/15\/se-viene-el-2-congreso-de-la-cgt\/\"\n\t\t\t  \tdata-numposts = \"10\"\n\t\t\t  \tdata-lazy = \"true\"\n\t\t\t\tdata-colorscheme = \"light\"\n\t\t\t\tdata-order-by = \"social\"\n\t\t\t\tdata-mobile=true>\n\t\t\t  <\/div><\/div>\n\t\t  <style>\n\t\t    .fb-background-color {\n\t\t\t\tbackground: #ffffff !important;\n\t\t\t}\n\t\t\t.fb_iframe_widget_fluid_desktop iframe {\n\t\t\t    width: 100% !important;\n\t\t\t}\n\t\t  <\/style>\n\t\t  ","protected":false},"excerpt":{"rendered":"<p>El 2\u00b0 Congreso ser\u00e1 el viernes 16 de septiembre&nbsp; de 18 a 20 horas por zoom y est\u00e1 organizado por la CGT Regional Bah\u00eda Blanca, Regional Zona Atl\u00e1ntica. Rio Negro&nbsp; y Subdelegaci\u00f3n Patagones.&nbsp; Con respecto a este Congreso la representante de la CGT Distrital Betina P\u00e1ez indico \u201cLa idea surgi\u00f3 hace un tiempo atr\u00e1s para [&hellip;]<\/p>\n","protected":false},"author":4,"featured_media":24415,"comment_status":"closed","ping_status":"closed","sticky":false,"template":"","format":"standard","meta":{"_joinchat":[],"footnotes":""},"categories":[39],"tags":[],"class_list":["post-24414","post","type-post","status-publish","format-standard","has-post-thumbnail","hentry","category-en-esta-seccion"],"_links":{"self":[{"href":"https:\/\/www.elpolitologoyelpolitico.com.ar\/wordpress\/wp-json\/wp\/v2\/posts\/24414","targetHints":{"allow":["GET"]}}],"collection":[{"href":"https:\/\/www.elpolitologoyelpolitico.com.ar\/wordpress\/wp-json\/wp\/v2\/posts"}],"about":[{"href":"https:\/\/www.elpolitologoyelpolitico.com.ar\/wordpress\/wp-json\/wp\/v2\/types\/post"}],"author":[{"embeddable":true,"href":"https:\/\/www.elpolitologoyelpolitico.com.ar\/wordpress\/wp-json\/wp\/v2\/users\/4"}],"replies":[{"embeddable":true,"href":"https:\/\/www.elpolitologoyelpolitico.com.ar\/wordpress\/wp-json\/wp\/v2\/comments?post=24414"}],"version-history":[{"count":0,"href":"https:\/\/www.elpolitologoyelpolitico.com.ar\/wordpress\/wp-json\/wp\/v2\/posts\/24414\/revisions"}],"wp:featuredmedia":[{"embeddable":true,"href":"https:\/\/www.elpolitologoyelpolitico.com.ar\/wordpress\/wp-json\/wp\/v2\/media\/24415"}],"wp:attachment":[{"href":"https:\/\/www.elpolitologoyelpolitico.com.ar\/wordpress\/wp-json\/wp\/v2\/media?parent=24414"}],"wp:term":[{"taxonomy":"category","embeddable":true,"href":"https:\/\/www.elpolitologoyelpolitico.com.ar\/wordpress\/wp-json\/wp\/v2\/categories?post=24414"},{"taxonomy":"post_tag","embeddable":true,"href":"https:\/\/www.elpolitologoyelpolitico.com.ar\/wordpress\/wp-json\/wp\/v2\/tags?post=24414"}],"curies":[{"name":"wp","href":"https:\/\/api.w.org\/{rel}","templated":true}]}}