{"id":24410,"date":"2022-09-15T16:25:45","date_gmt":"2022-09-15T16:25:45","guid":{"rendered":"https:\/\/www.elpolitologoyelpolitico.com.ar\/wordpress\/?p=24410"},"modified":"2022-09-15T16:27:55","modified_gmt":"2022-09-15T16:27:55","slug":"mucho-viento-durante-todo-el-dia-hasta-manana-viernes","status":"publish","type":"post","link":"https:\/\/www.elpolitologoyelpolitico.com.ar\/wordpress\/2022\/09\/15\/mucho-viento-durante-todo-el-dia-hasta-manana-viernes\/","title":{"rendered":"MUCHO VIENTO DURANTE TODO EL D\u00cdA HASTA MA\u00d1ANA VIERNES"},"content":{"rendered":"\n<p>Seg\u00fan el pronostico en La Comarca, el viento estar\u00e1 presente todo el d\u00eda hasta ma\u00f1ana viernes.<\/p>\n\n\n\n<p>Se esperan r\u00e1fagas de 45 o 46 km\/h durante la hora de la siesta y a partir de las 17 empieza a bajar a 35 km\/h.<\/p>\n\n\n\n<p>El viento no va a parar en todo el d\u00eda y no bajara de los 30 km\/h.<\/p>\n\n\n\n<p>Ma\u00f1ana viernes continua el viento fuerte hasta el mediod\u00eda y solicitan a los vecinos que transiten con cuidado.<\/p>\n<div class=\"fb-background-color\">\n\t\t\t  <div \n\t\t\t  \tclass = \"fb-comments\" \n\t\t\t  \tdata-href = \"https:\/\/www.elpolitologoyelpolitico.com.ar\/wordpress\/2022\/09\/15\/mucho-viento-durante-todo-el-dia-hasta-manana-viernes\/\"\n\t\t\t  \tdata-numposts = \"10\"\n\t\t\t  \tdata-lazy = \"true\"\n\t\t\t\tdata-colorscheme = \"light\"\n\t\t\t\tdata-order-by = \"social\"\n\t\t\t\tdata-mobile=true>\n\t\t\t  <\/div><\/div>\n\t\t  <style>\n\t\t    .fb-background-color {\n\t\t\t\tbackground: #ffffff !important;\n\t\t\t}\n\t\t\t.fb_iframe_widget_fluid_desktop iframe {\n\t\t\t    width: 100% !important;\n\t\t\t}\n\t\t  <\/style>\n\t\t  ","protected":false},"excerpt":{"rendered":"<p>Seg\u00fan el pronostico en La Comarca, el viento estar\u00e1 presente todo el d\u00eda hasta ma\u00f1ana viernes. Se esperan r\u00e1fagas de 45 o 46 km\/h durante la hora de la siesta y a partir de las 17 empieza a bajar a 35 km\/h. El viento no va a parar en todo el d\u00eda y no bajara [&hellip;]<\/p>\n","protected":false},"author":4,"featured_media":24411,"comment_status":"closed","ping_status":"closed","sticky":false,"template":"","format":"standard","meta":{"_joinchat":[],"footnotes":""},"categories":[39],"tags":[],"class_list":["post-24410","post","type-post","status-publish","format-standard","has-post-thumbnail","hentry","category-en-esta-seccion"],"_links":{"self":[{"href":"https:\/\/www.elpolitologoyelpolitico.com.ar\/wordpress\/wp-json\/wp\/v2\/posts\/24410","targetHints":{"allow":["GET"]}}],"collection":[{"href":"https:\/\/www.elpolitologoyelpolitico.com.ar\/wordpress\/wp-json\/wp\/v2\/posts"}],"about":[{"href":"https:\/\/www.elpolitologoyelpolitico.com.ar\/wordpress\/wp-json\/wp\/v2\/types\/post"}],"author":[{"embeddable":true,"href":"https:\/\/www.elpolitologoyelpolitico.com.ar\/wordpress\/wp-json\/wp\/v2\/users\/4"}],"replies":[{"embeddable":true,"href":"https:\/\/www.elpolitologoyelpolitico.com.ar\/wordpress\/wp-json\/wp\/v2\/comments?post=24410"}],"version-history":[{"count":0,"href":"https:\/\/www.elpolitologoyelpolitico.com.ar\/wordpress\/wp-json\/wp\/v2\/posts\/24410\/revisions"}],"wp:featuredmedia":[{"embeddable":true,"href":"https:\/\/www.elpolitologoyelpolitico.com.ar\/wordpress\/wp-json\/wp\/v2\/media\/24411"}],"wp:attachment":[{"href":"https:\/\/www.elpolitologoyelpolitico.com.ar\/wordpress\/wp-json\/wp\/v2\/media?parent=24410"}],"wp:term":[{"taxonomy":"category","embeddable":true,"href":"https:\/\/www.elpolitologoyelpolitico.com.ar\/wordpress\/wp-json\/wp\/v2\/categories?post=24410"},{"taxonomy":"post_tag","embeddable":true,"href":"https:\/\/www.elpolitologoyelpolitico.com.ar\/wordpress\/wp-json\/wp\/v2\/tags?post=24410"}],"curies":[{"name":"wp","href":"https:\/\/api.w.org\/{rel}","templated":true}]}}