{"id":24392,"date":"2022-09-15T00:12:51","date_gmt":"2022-09-15T00:12:51","guid":{"rendered":"https:\/\/www.elpolitologoyelpolitico.com.ar\/wordpress\/?p=24392"},"modified":"2022-09-15T00:13:47","modified_gmt":"2022-09-15T00:13:47","slug":"el-consejo-municipal-de-vivienda-y-habitat-se-traslado-a-stroeder","status":"publish","type":"post","link":"https:\/\/www.elpolitologoyelpolitico.com.ar\/wordpress\/2022\/09\/15\/el-consejo-municipal-de-vivienda-y-habitat-se-traslado-a-stroeder\/","title":{"rendered":"El Consejo Municipal de Vivienda y H\u00e1bitat se traslad\u00f3 a Stroeder"},"content":{"rendered":"\n<p>Este martes en las oficinas de la Delegaci\u00f3n de Stroeder, se reunieron miembros del Consejo Municipal de Vivienda y H\u00e1bitat de Carmen de Patagones, con el Delegado&nbsp; Emiliano L\u00f3pez, y representantes locales de los gremios de UDOCBA, FEB, ATE, Bancarios, Centro Empleados de Comercio y UOCRA.<\/p>\n\n\n\n<p>El encuentro tuvo como objetivo para celebrar la reuni\u00f3n inaugural del Consejo de Vivienda y H\u00e1bitat de dicha localidad, oportunidad en la cual se discutieron los criterios elaborados durante la experiencia en la ciudad cabecera, se entreg\u00f3 copia del Reglamento Interno para su an\u00e1lisis y ajuste local.<\/p>\n\n\n\n<p>Por otra&nbsp; se acord\u00f3 una nueva reuni\u00f3n para el d\u00eda 4 de octubre del corriente a\u00f1o. La idea predominante es replicar la experiencia desarrollada en Carmen de Patagones, ajust\u00e1ndola a la idiosincrasia local.<\/p>\n<div class=\"fb-background-color\">\n\t\t\t  <div \n\t\t\t  \tclass = \"fb-comments\" \n\t\t\t  \tdata-href = \"https:\/\/www.elpolitologoyelpolitico.com.ar\/wordpress\/2022\/09\/15\/el-consejo-municipal-de-vivienda-y-habitat-se-traslado-a-stroeder\/\"\n\t\t\t  \tdata-numposts = \"10\"\n\t\t\t  \tdata-lazy = \"true\"\n\t\t\t\tdata-colorscheme = \"light\"\n\t\t\t\tdata-order-by = \"social\"\n\t\t\t\tdata-mobile=true>\n\t\t\t  <\/div><\/div>\n\t\t  <style>\n\t\t    .fb-background-color {\n\t\t\t\tbackground: #ffffff !important;\n\t\t\t}\n\t\t\t.fb_iframe_widget_fluid_desktop iframe {\n\t\t\t    width: 100% !important;\n\t\t\t}\n\t\t  <\/style>\n\t\t  ","protected":false},"excerpt":{"rendered":"<p>Este martes en las oficinas de la Delegaci\u00f3n de Stroeder, se reunieron miembros del Consejo Municipal de Vivienda y H\u00e1bitat de Carmen de Patagones, con el Delegado&nbsp; Emiliano L\u00f3pez, y representantes locales de los gremios de UDOCBA, FEB, ATE, Bancarios, Centro Empleados de Comercio y UOCRA. El encuentro tuvo como objetivo para celebrar la reuni\u00f3n [&hellip;]<\/p>\n","protected":false},"author":4,"featured_media":24393,"comment_status":"closed","ping_status":"closed","sticky":false,"template":"","format":"standard","meta":{"_joinchat":[],"footnotes":""},"categories":[4],"tags":[],"class_list":["post-24392","post","type-post","status-publish","format-standard","has-post-thumbnail","hentry","category-politicas-publicas"],"_links":{"self":[{"href":"https:\/\/www.elpolitologoyelpolitico.com.ar\/wordpress\/wp-json\/wp\/v2\/posts\/24392","targetHints":{"allow":["GET"]}}],"collection":[{"href":"https:\/\/www.elpolitologoyelpolitico.com.ar\/wordpress\/wp-json\/wp\/v2\/posts"}],"about":[{"href":"https:\/\/www.elpolitologoyelpolitico.com.ar\/wordpress\/wp-json\/wp\/v2\/types\/post"}],"author":[{"embeddable":true,"href":"https:\/\/www.elpolitologoyelpolitico.com.ar\/wordpress\/wp-json\/wp\/v2\/users\/4"}],"replies":[{"embeddable":true,"href":"https:\/\/www.elpolitologoyelpolitico.com.ar\/wordpress\/wp-json\/wp\/v2\/comments?post=24392"}],"version-history":[{"count":0,"href":"https:\/\/www.elpolitologoyelpolitico.com.ar\/wordpress\/wp-json\/wp\/v2\/posts\/24392\/revisions"}],"wp:featuredmedia":[{"embeddable":true,"href":"https:\/\/www.elpolitologoyelpolitico.com.ar\/wordpress\/wp-json\/wp\/v2\/media\/24393"}],"wp:attachment":[{"href":"https:\/\/www.elpolitologoyelpolitico.com.ar\/wordpress\/wp-json\/wp\/v2\/media?parent=24392"}],"wp:term":[{"taxonomy":"category","embeddable":true,"href":"https:\/\/www.elpolitologoyelpolitico.com.ar\/wordpress\/wp-json\/wp\/v2\/categories?post=24392"},{"taxonomy":"post_tag","embeddable":true,"href":"https:\/\/www.elpolitologoyelpolitico.com.ar\/wordpress\/wp-json\/wp\/v2\/tags?post=24392"}],"curies":[{"name":"wp","href":"https:\/\/api.w.org\/{rel}","templated":true}]}}