{"id":24382,"date":"2022-09-14T20:23:51","date_gmt":"2022-09-14T20:23:51","guid":{"rendered":"https:\/\/www.elpolitologoyelpolitico.com.ar\/wordpress\/?p=24382"},"modified":"2022-09-14T20:24:19","modified_gmt":"2022-09-14T20:24:19","slug":"se-conmemora-el-dia-nacional-de-la-juventud","status":"publish","type":"post","link":"https:\/\/www.elpolitologoyelpolitico.com.ar\/wordpress\/2022\/09\/14\/se-conmemora-el-dia-nacional-de-la-juventud\/","title":{"rendered":"SE CONMEMORA EL DIA NACIONAL DE LA JUVENTUD"},"content":{"rendered":"\n<p>El d\u00eda 16 de septiembre fue establecido, como D\u00eda Nacional de la Juventud, en recuerdo de los j\u00f3venes militantes secuestrados por Fuerzas Militares durante la denominada \u201cNoche de los L\u00e1pices\u00bb, en el a\u00f1o 1976. La fecha fue instituida en el 2006, con el objetivo de reivindicar la militancia y el compromiso social de aquellos j\u00f3venes que fueron desaparecidos en la \u00faltima dictadura c\u00edvicos-militar.&nbsp;<\/p>\n\n\n\n<p>A partir de la sanci\u00f3n de la Ordenanza 2800\/2018, es que el Honorable Concejo Deliberante de Patagones organiza el acto que distingue a j\u00f3venes de establecimientos Educativos, Direcci\u00f3n de Cultura, Direcci\u00f3n de Deportes y Organizaciones Sociales del Partido de Patagones.&nbsp;<\/p>\n\n\n\n<p>El acto se llevar\u00e1 a cabo en la Plaza 7 de marzo, el jueves 14, a las 10 horas. Est\u00e1n todos invitados.&nbsp;<\/p>\n<div class=\"fb-background-color\">\n\t\t\t  <div \n\t\t\t  \tclass = \"fb-comments\" \n\t\t\t  \tdata-href = \"https:\/\/www.elpolitologoyelpolitico.com.ar\/wordpress\/2022\/09\/14\/se-conmemora-el-dia-nacional-de-la-juventud\/\"\n\t\t\t  \tdata-numposts = \"10\"\n\t\t\t  \tdata-lazy = \"true\"\n\t\t\t\tdata-colorscheme = \"light\"\n\t\t\t\tdata-order-by = \"social\"\n\t\t\t\tdata-mobile=true>\n\t\t\t  <\/div><\/div>\n\t\t  <style>\n\t\t    .fb-background-color {\n\t\t\t\tbackground: #ffffff !important;\n\t\t\t}\n\t\t\t.fb_iframe_widget_fluid_desktop iframe {\n\t\t\t    width: 100% !important;\n\t\t\t}\n\t\t  <\/style>\n\t\t  ","protected":false},"excerpt":{"rendered":"<p>El d\u00eda 16 de septiembre fue establecido, como D\u00eda Nacional de la Juventud, en recuerdo de los j\u00f3venes militantes secuestrados por Fuerzas Militares durante la denominada \u201cNoche de los L\u00e1pices\u00bb, en el a\u00f1o 1976. La fecha fue instituida en el 2006, con el objetivo de reivindicar la militancia y el compromiso social de aquellos j\u00f3venes [&hellip;]<\/p>\n","protected":false},"author":4,"featured_media":24383,"comment_status":"closed","ping_status":"closed","sticky":false,"template":"","format":"standard","meta":{"_joinchat":[],"footnotes":""},"categories":[39],"tags":[],"class_list":["post-24382","post","type-post","status-publish","format-standard","has-post-thumbnail","hentry","category-en-esta-seccion"],"_links":{"self":[{"href":"https:\/\/www.elpolitologoyelpolitico.com.ar\/wordpress\/wp-json\/wp\/v2\/posts\/24382","targetHints":{"allow":["GET"]}}],"collection":[{"href":"https:\/\/www.elpolitologoyelpolitico.com.ar\/wordpress\/wp-json\/wp\/v2\/posts"}],"about":[{"href":"https:\/\/www.elpolitologoyelpolitico.com.ar\/wordpress\/wp-json\/wp\/v2\/types\/post"}],"author":[{"embeddable":true,"href":"https:\/\/www.elpolitologoyelpolitico.com.ar\/wordpress\/wp-json\/wp\/v2\/users\/4"}],"replies":[{"embeddable":true,"href":"https:\/\/www.elpolitologoyelpolitico.com.ar\/wordpress\/wp-json\/wp\/v2\/comments?post=24382"}],"version-history":[{"count":0,"href":"https:\/\/www.elpolitologoyelpolitico.com.ar\/wordpress\/wp-json\/wp\/v2\/posts\/24382\/revisions"}],"wp:featuredmedia":[{"embeddable":true,"href":"https:\/\/www.elpolitologoyelpolitico.com.ar\/wordpress\/wp-json\/wp\/v2\/media\/24383"}],"wp:attachment":[{"href":"https:\/\/www.elpolitologoyelpolitico.com.ar\/wordpress\/wp-json\/wp\/v2\/media?parent=24382"}],"wp:term":[{"taxonomy":"category","embeddable":true,"href":"https:\/\/www.elpolitologoyelpolitico.com.ar\/wordpress\/wp-json\/wp\/v2\/categories?post=24382"},{"taxonomy":"post_tag","embeddable":true,"href":"https:\/\/www.elpolitologoyelpolitico.com.ar\/wordpress\/wp-json\/wp\/v2\/tags?post=24382"}],"curies":[{"name":"wp","href":"https:\/\/api.w.org\/{rel}","templated":true}]}}