{"id":24372,"date":"2022-09-14T19:47:22","date_gmt":"2022-09-14T19:47:22","guid":{"rendered":"https:\/\/www.elpolitologoyelpolitico.com.ar\/wordpress\/?p=24372"},"modified":"2022-09-14T19:48:22","modified_gmt":"2022-09-14T19:48:22","slug":"los-centros-de-esqui-rionegrinos-promocionan-sus-servicios-en-brasil","status":"publish","type":"post","link":"https:\/\/www.elpolitologoyelpolitico.com.ar\/wordpress\/2022\/09\/14\/los-centros-de-esqui-rionegrinos-promocionan-sus-servicios-en-brasil\/","title":{"rendered":"Los centros de esqu\u00ed rionegrinos promocionan sus servicios en Brasil"},"content":{"rendered":"\n<p>Las empresas concesionarias del Cerro Catedral en Bariloche, Catedral Alta Patagonia S.A., y del Cerro Perito Moreno en El Bols\u00f3n, Laderas S.A., se encuentran en la Expo Ski que se realiza hasta hoy mi\u00e9rcoles en San Pablo, Brasil. Los empresarios de cada firma est\u00e1n promocionando las actividades que ofrecen a esquiadores en la temporada invernal, que se extiende hasta octubre, debido a la presencia del producto nieve en las cumbres.<\/p>\n\n\n\n<p>La Expo Ski es un evento dedicado exclusivamente al mercado brasile\u00f1o donde alrededor de 50 destinos esquiables a lo largo de Sudam\u00e9rica, Europa y Estados Unidos exponen sus atractivos hacia prestadores de turismo del pa\u00eds vecino, con el objetivo de estrechar relaciones entre proveedores y operadores, promocionar las ventas de viaje e informar y capacitar a los y los referentes tur\u00edsticos de invierno de todo el mundo.<\/p>\n\n\n\n<p>Adem\u00e1s de las exposiciones, tendr\u00e1n lugar distintas capacitaciones a cargo de profesionales tur\u00edsticos brasile\u00f1os, con el objetivo de que los presentes adquieran nuevas t\u00e1cticas, herramientas y habilidades para optimizar sus servicios y captar nuevos visitantes.<\/p>\n\n\n\n<p>El evento tiene lugar desde ayer hasta hoy en la Sociedad H\u00edpica Paulista, en Rue Quintana 206 de la ciudad de San Pablo y comienza a las 8.30 ambos d\u00edas finalizando a las 18. Las exposiciones y capacitaciones abiertas a todo el p\u00fablico comienzan a las 10 hasta las 17.35 en ambas jornadas, mientras que la agenda para las empresas consiste en dos rondas de negocios con un networking patrocinado por almo\u00e7o.com.<\/p>\n\n\n\n<figure class=\"wp-block-image size-large\"><img fetchpriority=\"high\" decoding=\"async\" width=\"1024\" height=\"682\" src=\"https:\/\/www.elpolitologoyelpolitico.com.ar\/wp-content\/uploads\/2022\/09\/IMG-20220914-WA0019-1024x682.jpg\" alt=\"\" class=\"wp-image-24374\" srcset=\"https:\/\/www.elpolitologoyelpolitico.com.ar\/wp-content\/uploads\/2022\/09\/IMG-20220914-WA0019-1024x682.jpg 1024w, https:\/\/www.elpolitologoyelpolitico.com.ar\/wp-content\/uploads\/2022\/09\/IMG-20220914-WA0019-300x200.jpg 300w, https:\/\/www.elpolitologoyelpolitico.com.ar\/wp-content\/uploads\/2022\/09\/IMG-20220914-WA0019-768x512.jpg 768w, https:\/\/www.elpolitologoyelpolitico.com.ar\/wp-content\/uploads\/2022\/09\/IMG-20220914-WA0019.jpg 1126w\" sizes=\"(max-width: 1024px) 100vw, 1024px\" \/><\/figure>\n\n\n\n<p>La actividad naci\u00f3 en 1991 fundada por Boischio Comunicaciones, una empresa especializada en el crecimiento y la popularizaci\u00f3n del turismo de nieve en Brasil. En 1999, se uni\u00f3 a la iniciativa el primer destino internacional, Park City, una ciudad del Estado de Utah en Estados Unidos, que tiene una importancia trascendental en el turismo invernal en el pa\u00eds norteamericano. Desde entonces distintos pa\u00edses se han unido a la Expo y hoy en d\u00eda, junta destinos de Francia, Espa\u00f1a, Argentina, Chile y Austria, adem\u00e1s de los ya nombrados Estados Unidos y Brasil.<\/p>\n\n\n\n<p>Los centros de esqu\u00ed rionegrinos participar\u00e1n mediante la presentaci\u00f3n del Instituto Nacional de Promoci\u00f3n Tur\u00edstica (INPROTUR), la cual ser\u00e1 la que de inicio a cada jornada y de la que ser\u00e1n parte otros atractivos adem\u00e1s de los rionegrinos, y sus respectivos stands, donde adem\u00e1s de sus pistas esquiables, promocionar\u00e1n las diversas actividades y excursiones que tienen disponibles para toda la familia y para aquellos que busquen alternativas para sus vacaciones.<\/p>\n\n\n\n<p>En este sentido, los destinos rionegrinos se encuentran ante una oportunidad \u00fanica, ya que debido a las fuertes nevadas que azotaron a la Regi\u00f3n Andina en este invierno, el producto nieve sigue presente en las cumbres monta\u00f1osas de la zona, por lo que la actividad en los Centros, que usualmente finaliza en agosto, se estira durante todo el mes de septiembre, con m\u00e1s de 50 pistas esquiables para profesionales y aficionados entre ambas monta\u00f1as, de las cuales, 32 se encuentran en el Cerro Catedral, lo que lo convierte en el Centro de Esqu\u00ed m\u00e1s grande de Sudam\u00e9rica.<\/p>\n\n\n\n<figure class=\"wp-block-image size-large\"><img decoding=\"async\" width=\"1024\" height=\"682\" src=\"https:\/\/www.elpolitologoyelpolitico.com.ar\/wp-content\/uploads\/2022\/09\/IMG-20220914-WA0020-1024x682.jpg\" alt=\"\" class=\"wp-image-24375\" srcset=\"https:\/\/www.elpolitologoyelpolitico.com.ar\/wp-content\/uploads\/2022\/09\/IMG-20220914-WA0020-1024x682.jpg 1024w, https:\/\/www.elpolitologoyelpolitico.com.ar\/wp-content\/uploads\/2022\/09\/IMG-20220914-WA0020-300x200.jpg 300w, https:\/\/www.elpolitologoyelpolitico.com.ar\/wp-content\/uploads\/2022\/09\/IMG-20220914-WA0020-768x512.jpg 768w, https:\/\/www.elpolitologoyelpolitico.com.ar\/wp-content\/uploads\/2022\/09\/IMG-20220914-WA0020.jpg 1280w\" sizes=\"(max-width: 1024px) 100vw, 1024px\" \/><\/figure>\n\n\n\n<p><strong>R\u00edo Negro y Brasil, una conexi\u00f3n que sigue creciendo<\/strong><\/p>\n\n\n\n<p>Durante esta temporada de invierno, Bariloche y la Regi\u00f3n Cordillera se establecieron como los lugares m\u00e1s visitados de todo el pa\u00eds, esto se dio en gran parte, por las conexiones a\u00e9reas que se abrieron durante este a\u00f1o entre la ciudad andina y el vecino pa\u00eds de Brasil. En este sentido, el aeropuerto Teniente Luis Candelaria se encuentra recibiendo 7 vuelos semanales desde ese pa\u00eds, hasta el 18 de septiembre y luego tendr\u00e1 continuidad 1 de ellos. Esto permiti\u00f3 que el n\u00famero de turistas brasile\u00f1os a la zona, en la \u00faltimas vacaciones, se incrementara exponencialmente y significara un avance superlativo en la recuperaci\u00f3n del turismo y crecimiento de la industria.<\/p>\n\n\n\n<p>A su vez, Bariloche se encuentra poco a poco reanudando las l\u00edneas directas que ten\u00eda con otras ciudades de la Argentina e internacional. En relaci\u00f3n a esto, a partir de octubre se reanudar\u00e1n los vuelos conectando con San Miguel de Tucum\u00e1n y desde el 12 de diciembre estar\u00e1n disponibles las lineas directas con Santiago de Chile, uni\u00e9ndose a Brasil como los destinos internacionales con vuelos hacia la ciudad andina<\/p>\n<div class=\"fb-background-color\">\n\t\t\t  <div \n\t\t\t  \tclass = \"fb-comments\" \n\t\t\t  \tdata-href = \"https:\/\/www.elpolitologoyelpolitico.com.ar\/wordpress\/2022\/09\/14\/los-centros-de-esqui-rionegrinos-promocionan-sus-servicios-en-brasil\/\"\n\t\t\t  \tdata-numposts = \"10\"\n\t\t\t  \tdata-lazy = \"true\"\n\t\t\t\tdata-colorscheme = \"light\"\n\t\t\t\tdata-order-by = \"social\"\n\t\t\t\tdata-mobile=true>\n\t\t\t  <\/div><\/div>\n\t\t  <style>\n\t\t    .fb-background-color {\n\t\t\t\tbackground: #ffffff !important;\n\t\t\t}\n\t\t\t.fb_iframe_widget_fluid_desktop iframe {\n\t\t\t    width: 100% !important;\n\t\t\t}\n\t\t  <\/style>\n\t\t  ","protected":false},"excerpt":{"rendered":"<p>Las empresas concesionarias del Cerro Catedral en Bariloche, Catedral Alta Patagonia S.A., y del Cerro Perito Moreno en El Bols\u00f3n, Laderas S.A., se encuentran en la Expo Ski que se realiza hasta hoy mi\u00e9rcoles en San Pablo, Brasil. Los empresarios de cada firma est\u00e1n promocionando las actividades que ofrecen a esquiadores en la temporada invernal, [&hellip;]<\/p>\n","protected":false},"author":4,"featured_media":24373,"comment_status":"closed","ping_status":"closed","sticky":false,"template":"","format":"standard","meta":{"_joinchat":[],"footnotes":""},"categories":[39],"tags":[],"class_list":["post-24372","post","type-post","status-publish","format-standard","has-post-thumbnail","hentry","category-en-esta-seccion"],"_links":{"self":[{"href":"https:\/\/www.elpolitologoyelpolitico.com.ar\/wordpress\/wp-json\/wp\/v2\/posts\/24372","targetHints":{"allow":["GET"]}}],"collection":[{"href":"https:\/\/www.elpolitologoyelpolitico.com.ar\/wordpress\/wp-json\/wp\/v2\/posts"}],"about":[{"href":"https:\/\/www.elpolitologoyelpolitico.com.ar\/wordpress\/wp-json\/wp\/v2\/types\/post"}],"author":[{"embeddable":true,"href":"https:\/\/www.elpolitologoyelpolitico.com.ar\/wordpress\/wp-json\/wp\/v2\/users\/4"}],"replies":[{"embeddable":true,"href":"https:\/\/www.elpolitologoyelpolitico.com.ar\/wordpress\/wp-json\/wp\/v2\/comments?post=24372"}],"version-history":[{"count":0,"href":"https:\/\/www.elpolitologoyelpolitico.com.ar\/wordpress\/wp-json\/wp\/v2\/posts\/24372\/revisions"}],"wp:featuredmedia":[{"embeddable":true,"href":"https:\/\/www.elpolitologoyelpolitico.com.ar\/wordpress\/wp-json\/wp\/v2\/media\/24373"}],"wp:attachment":[{"href":"https:\/\/www.elpolitologoyelpolitico.com.ar\/wordpress\/wp-json\/wp\/v2\/media?parent=24372"}],"wp:term":[{"taxonomy":"category","embeddable":true,"href":"https:\/\/www.elpolitologoyelpolitico.com.ar\/wordpress\/wp-json\/wp\/v2\/categories?post=24372"},{"taxonomy":"post_tag","embeddable":true,"href":"https:\/\/www.elpolitologoyelpolitico.com.ar\/wordpress\/wp-json\/wp\/v2\/tags?post=24372"}],"curies":[{"name":"wp","href":"https:\/\/api.w.org\/{rel}","templated":true}]}}