{"id":24367,"date":"2022-09-14T18:53:06","date_gmt":"2022-09-14T18:53:06","guid":{"rendered":"https:\/\/www.elpolitologoyelpolitico.com.ar\/wordpress\/?p=24367"},"modified":"2022-09-14T18:54:14","modified_gmt":"2022-09-14T18:54:14","slug":"zara-recorrio-y-superviso-la-obra-de-red-cloacal-en-villa-del-carmen","status":"publish","type":"post","link":"https:\/\/www.elpolitologoyelpolitico.com.ar\/wordpress\/2022\/09\/14\/zara-recorrio-y-superviso-la-obra-de-red-cloacal-en-villa-del-carmen\/","title":{"rendered":"Zara recorri\u00f3 y supervis\u00f3 la obra de red cloacal en Villa del Carmen"},"content":{"rendered":"\n<p>El Intendente municipal, Ing. Jos\u00e9 Luis Zara, visit\u00f3 este martes el barrio Villa del Carmen donde recorri\u00f3 y supervis\u00f3 la obra cloaca.<\/p>\n\n\n\n<p>Estuvo acompa\u00f1ado por el Secretario de Obras P\u00fablicas, Jorge Isac, el Subsecretario, Roberto Haure y Jos\u00e9 Luis Canencia, coordinador municipal de la obra.<\/p>\n\n\n\n<p>En si recorrido el jefe comunal pudo observar el avance del zanjado que se realiza sobre el Pasaje N\u00ba 1 junto a la bajada de ca\u00f1er\u00eda de 160 mm, donde observ\u00f3 tambi\u00e9n las tareas de apertura para las bocas de registro, y la uni\u00f3n con la ca\u00f1er\u00eda existente sobre Avenida Costanera, la cual se une con la bomba principal encargada de bombear en altura.<\/p>\n\n\n\n<p>La empresa encargada de realizar la obra explic\u00f3 al mandatario que se encuentran en un avance cercano al 30 por ciento, y que, ya se realiz\u00f3 la bajada de agua por calle Mascarello hasta Pasaje 1, la cual ya se encuentra finalizada.<\/p>\n\n\n\n<figure class=\"wp-block-image size-large is-resized\"><img fetchpriority=\"high\" decoding=\"async\" src=\"https:\/\/www.elpolitologoyelpolitico.com.ar\/wp-content\/uploads\/2022\/09\/IMG-20220914-WA0012-462x1024.jpg\" alt=\"\" class=\"wp-image-24369\" width=\"666\" height=\"1476\" srcset=\"https:\/\/www.elpolitologoyelpolitico.com.ar\/wp-content\/uploads\/2022\/09\/IMG-20220914-WA0012-462x1024.jpg 462w, https:\/\/www.elpolitologoyelpolitico.com.ar\/wp-content\/uploads\/2022\/09\/IMG-20220914-WA0012-135x300.jpg 135w, https:\/\/www.elpolitologoyelpolitico.com.ar\/wp-content\/uploads\/2022\/09\/IMG-20220914-WA0012.jpg 558w\" sizes=\"(max-width: 666px) 100vw, 666px\" \/><\/figure>\n<div class=\"fb-background-color\">\n\t\t\t  <div \n\t\t\t  \tclass = \"fb-comments\" \n\t\t\t  \tdata-href = \"https:\/\/www.elpolitologoyelpolitico.com.ar\/wordpress\/2022\/09\/14\/zara-recorrio-y-superviso-la-obra-de-red-cloacal-en-villa-del-carmen\/\"\n\t\t\t  \tdata-numposts = \"10\"\n\t\t\t  \tdata-lazy = \"true\"\n\t\t\t\tdata-colorscheme = \"light\"\n\t\t\t\tdata-order-by = \"social\"\n\t\t\t\tdata-mobile=true>\n\t\t\t  <\/div><\/div>\n\t\t  <style>\n\t\t    .fb-background-color {\n\t\t\t\tbackground: #ffffff !important;\n\t\t\t}\n\t\t\t.fb_iframe_widget_fluid_desktop iframe {\n\t\t\t    width: 100% !important;\n\t\t\t}\n\t\t  <\/style>\n\t\t  ","protected":false},"excerpt":{"rendered":"<p>El Intendente municipal, Ing. Jos\u00e9 Luis Zara, visit\u00f3 este martes el barrio Villa del Carmen donde recorri\u00f3 y supervis\u00f3 la obra cloaca. Estuvo acompa\u00f1ado por el Secretario de Obras P\u00fablicas, Jorge Isac, el Subsecretario, Roberto Haure y Jos\u00e9 Luis Canencia, coordinador municipal de la obra. En si recorrido el jefe comunal pudo observar el avance [&hellip;]<\/p>\n","protected":false},"author":4,"featured_media":24368,"comment_status":"closed","ping_status":"closed","sticky":false,"template":"","format":"standard","meta":{"_joinchat":[],"footnotes":""},"categories":[39],"tags":[],"class_list":["post-24367","post","type-post","status-publish","format-standard","has-post-thumbnail","hentry","category-en-esta-seccion"],"_links":{"self":[{"href":"https:\/\/www.elpolitologoyelpolitico.com.ar\/wordpress\/wp-json\/wp\/v2\/posts\/24367","targetHints":{"allow":["GET"]}}],"collection":[{"href":"https:\/\/www.elpolitologoyelpolitico.com.ar\/wordpress\/wp-json\/wp\/v2\/posts"}],"about":[{"href":"https:\/\/www.elpolitologoyelpolitico.com.ar\/wordpress\/wp-json\/wp\/v2\/types\/post"}],"author":[{"embeddable":true,"href":"https:\/\/www.elpolitologoyelpolitico.com.ar\/wordpress\/wp-json\/wp\/v2\/users\/4"}],"replies":[{"embeddable":true,"href":"https:\/\/www.elpolitologoyelpolitico.com.ar\/wordpress\/wp-json\/wp\/v2\/comments?post=24367"}],"version-history":[{"count":0,"href":"https:\/\/www.elpolitologoyelpolitico.com.ar\/wordpress\/wp-json\/wp\/v2\/posts\/24367\/revisions"}],"wp:featuredmedia":[{"embeddable":true,"href":"https:\/\/www.elpolitologoyelpolitico.com.ar\/wordpress\/wp-json\/wp\/v2\/media\/24368"}],"wp:attachment":[{"href":"https:\/\/www.elpolitologoyelpolitico.com.ar\/wordpress\/wp-json\/wp\/v2\/media?parent=24367"}],"wp:term":[{"taxonomy":"category","embeddable":true,"href":"https:\/\/www.elpolitologoyelpolitico.com.ar\/wordpress\/wp-json\/wp\/v2\/categories?post=24367"},{"taxonomy":"post_tag","embeddable":true,"href":"https:\/\/www.elpolitologoyelpolitico.com.ar\/wordpress\/wp-json\/wp\/v2\/tags?post=24367"}],"curies":[{"name":"wp","href":"https:\/\/api.w.org\/{rel}","templated":true}]}}