{"id":24347,"date":"2022-09-14T14:34:37","date_gmt":"2022-09-14T14:34:37","guid":{"rendered":"https:\/\/www.elpolitologoyelpolitico.com.ar\/wordpress\/?p=24347"},"modified":"2022-09-14T14:35:21","modified_gmt":"2022-09-14T14:35:21","slug":"la-juventud-de-jsrn-viedma-conmemora-el-dia-nacional-de-las-juventudes-con-un-gran-evento","status":"publish","type":"post","link":"https:\/\/www.elpolitologoyelpolitico.com.ar\/wordpress\/2022\/09\/14\/la-juventud-de-jsrn-viedma-conmemora-el-dia-nacional-de-las-juventudes-con-un-gran-evento\/","title":{"rendered":"La juventud de JSRN VIEDMA conmemora el \u00abD\u00eda Nacional de las Juventudes\u00bb con un gran evento"},"content":{"rendered":"\n<p>A 46 a\u00f1os de La noche de los l\u00e1pices, la Juventud del partido pol\u00edtico \u00abJuntos Somos R\u00edo Negro\u00bb ,lleva adelante un importante festival en la capital Viedmense.&nbsp;<\/p>\n\n\n\n<p>Cada 16 de Septiembre la juventud organiza una gran convocatoria de j\u00f3venes, donde llevan adelante un festival que desemboca en un mismo fin, recordar la noche de los l\u00e1pices y reivindicar las luchas de Francisco L\u00f3pez Muntaner, Mar\u00eda Claudia Falcone, Claudio de Acha, Horacio \u00c1ngel Ungaro, Daniel Alberto Racero, Mar\u00eda Clara Ciocchini, quienes siguen desaparecidas y desaparecidos. Tambi\u00e9n tienen presente a los sobrevivientes Pablo D\u00edaz, Patricia Miranda, Gustavo Calotti y Emilce Moler. La mayor\u00eda cumpli\u00f3 su rol en la militancia de la Uni\u00f3n de Estudiantes Secundarios (UES).<\/p>\n\n\n\n<p>El tan esperado festival sera este s\u00e1bado 17 de septiembre, de&nbsp; 15:00 hs a 18:00 hs&nbsp; en la Plazoleta del fundador (frente al Centro Cultural).<\/p>\n\n\n\n<p>El cronograma suma bandas en vivo, feria de emprendedores y artesanos ,sorteos ,y premios gratis.<\/p>\n\n\n\n<p><strong>CRONOGRAMA<\/strong><\/p>\n\n\n\n<p><strong>BANDAS EN VIVO:<\/strong><\/p>\n\n\n\n<p>&#8211; Fogoneros<\/p>\n\n\n\n<p>&#8211; Mandale Mandale Cumbia<\/p>\n\n\n\n<p>&#8211; Cristian Repupilli &amp; Silvio Garcia&nbsp;<\/p>\n\n\n\n<p>-Marco Ortega &amp; Diorela Melinguer<\/p>\n\n\n\n<p>&#8211; 28 Crew<\/p>\n\n\n\n<p><strong>FERIA DE EMPRENDEDORES Y ARTESANOS:<\/strong> Emprendedores&nbsp; y Artesanos de la Comarca estar\u00e1n exponiendo sus productos, los cuales venden cotidianamente.<\/p>\n<div class=\"fb-background-color\">\n\t\t\t  <div \n\t\t\t  \tclass = \"fb-comments\" \n\t\t\t  \tdata-href = \"https:\/\/www.elpolitologoyelpolitico.com.ar\/wordpress\/2022\/09\/14\/la-juventud-de-jsrn-viedma-conmemora-el-dia-nacional-de-las-juventudes-con-un-gran-evento\/\"\n\t\t\t  \tdata-numposts = \"10\"\n\t\t\t  \tdata-lazy = \"true\"\n\t\t\t\tdata-colorscheme = \"light\"\n\t\t\t\tdata-order-by = \"social\"\n\t\t\t\tdata-mobile=true>\n\t\t\t  <\/div><\/div>\n\t\t  <style>\n\t\t    .fb-background-color {\n\t\t\t\tbackground: #ffffff !important;\n\t\t\t}\n\t\t\t.fb_iframe_widget_fluid_desktop iframe {\n\t\t\t    width: 100% !important;\n\t\t\t}\n\t\t  <\/style>\n\t\t  ","protected":false},"excerpt":{"rendered":"<p>A 46 a\u00f1os de La noche de los l\u00e1pices, la Juventud del partido pol\u00edtico \u00abJuntos Somos R\u00edo Negro\u00bb ,lleva adelante un importante festival en la capital Viedmense.&nbsp; Cada 16 de Septiembre la juventud organiza una gran convocatoria de j\u00f3venes, donde llevan adelante un festival que desemboca en un mismo fin, recordar la noche de los [&hellip;]<\/p>\n","protected":false},"author":4,"featured_media":24348,"comment_status":"closed","ping_status":"closed","sticky":false,"template":"","format":"standard","meta":{"_joinchat":[],"footnotes":""},"categories":[39],"tags":[],"class_list":["post-24347","post","type-post","status-publish","format-standard","has-post-thumbnail","hentry","category-en-esta-seccion"],"_links":{"self":[{"href":"https:\/\/www.elpolitologoyelpolitico.com.ar\/wordpress\/wp-json\/wp\/v2\/posts\/24347","targetHints":{"allow":["GET"]}}],"collection":[{"href":"https:\/\/www.elpolitologoyelpolitico.com.ar\/wordpress\/wp-json\/wp\/v2\/posts"}],"about":[{"href":"https:\/\/www.elpolitologoyelpolitico.com.ar\/wordpress\/wp-json\/wp\/v2\/types\/post"}],"author":[{"embeddable":true,"href":"https:\/\/www.elpolitologoyelpolitico.com.ar\/wordpress\/wp-json\/wp\/v2\/users\/4"}],"replies":[{"embeddable":true,"href":"https:\/\/www.elpolitologoyelpolitico.com.ar\/wordpress\/wp-json\/wp\/v2\/comments?post=24347"}],"version-history":[{"count":0,"href":"https:\/\/www.elpolitologoyelpolitico.com.ar\/wordpress\/wp-json\/wp\/v2\/posts\/24347\/revisions"}],"wp:featuredmedia":[{"embeddable":true,"href":"https:\/\/www.elpolitologoyelpolitico.com.ar\/wordpress\/wp-json\/wp\/v2\/media\/24348"}],"wp:attachment":[{"href":"https:\/\/www.elpolitologoyelpolitico.com.ar\/wordpress\/wp-json\/wp\/v2\/media?parent=24347"}],"wp:term":[{"taxonomy":"category","embeddable":true,"href":"https:\/\/www.elpolitologoyelpolitico.com.ar\/wordpress\/wp-json\/wp\/v2\/categories?post=24347"},{"taxonomy":"post_tag","embeddable":true,"href":"https:\/\/www.elpolitologoyelpolitico.com.ar\/wordpress\/wp-json\/wp\/v2\/tags?post=24347"}],"curies":[{"name":"wp","href":"https:\/\/api.w.org\/{rel}","templated":true}]}}