{"id":24342,"date":"2022-09-14T14:11:25","date_gmt":"2022-09-14T14:11:25","guid":{"rendered":"https:\/\/www.elpolitologoyelpolitico.com.ar\/wordpress\/?p=24342"},"modified":"2022-09-14T14:12:04","modified_gmt":"2022-09-14T14:12:04","slug":"doctorado-en-estudios-politicos-y-culturales-las-pre-inscripciones-estaran-abiertas-desde-el-1-de-octubre-al-15-de-noviembre","status":"publish","type":"post","link":"https:\/\/www.elpolitologoyelpolitico.com.ar\/wordpress\/2022\/09\/14\/doctorado-en-estudios-politicos-y-culturales-las-pre-inscripciones-estaran-abiertas-desde-el-1-de-octubre-al-15-de-noviembre\/","title":{"rendered":"Doctorado en Estudios Pol\u00edticos y Culturales: las pre-inscripciones estar\u00e1n abiertas desde el 1\u00b0 de octubre al 15 de noviembre"},"content":{"rendered":"\n<p>El Doctorado en Estudios Pol\u00edticos y Culturales constituye una novedosa propuesta&nbsp; interdisciplinaria destinada a formar recursos humanos de la m\u00e1s alta excelencia, con una perspectiva cr\u00edtica, plural y transdisciplinar, que aporten nuevos y originales conocimientos en el campo de las Ciencias Sociales y Humanas y puedan brindar herramientas para la soluci\u00f3n de las diversas problem\u00e1ticas locales, regionales y nacionales vinculadas con el campo de la pol\u00edtica y la cultura.<\/p>\n\n\n\n<p>El doctorado es semi-estructurado y los seminarios necesarios para obtener los cr\u00e9ditos pueden cursarse en la Universidad Nacional del Comahue o en otras universidades p\u00fablicas y privadas, nacionales y extranjeras.&nbsp;<\/p>\n\n\n\n<p><strong>Destinatarios<\/strong>: los postulantes deber\u00e1n ser graduados o posgraduados de carreras pertenecientes a las Ciencias Sociales y Humanas realizadas en universidades argentinas y extranjeras, p\u00fablicas y privadas o en institutos de formaci\u00f3n profesional o docente y centros de investigaci\u00f3n de reconocido nivel y jerarqu\u00eda. En el caso de graduados y posgraduados los t\u00edtulos deben tener validez oficial en sus pa\u00edses de origen debidamente certificados. En todos los casos la duraci\u00f3n de las carreras no debe ser menor a cuatro a\u00f1os.\u00a0<\/p>\n\n\n\n<figure class=\"wp-block-image size-full\"><img fetchpriority=\"high\" decoding=\"async\" width=\"720\" height=\"720\" src=\"https:\/\/www.elpolitologoyelpolitico.com.ar\/wp-content\/uploads\/2022\/09\/IMG-20220913-WA0032.jpg\" alt=\"\" class=\"wp-image-24344\" srcset=\"https:\/\/www.elpolitologoyelpolitico.com.ar\/wp-content\/uploads\/2022\/09\/IMG-20220913-WA0032.jpg 720w, https:\/\/www.elpolitologoyelpolitico.com.ar\/wp-content\/uploads\/2022\/09\/IMG-20220913-WA0032-300x300.jpg 300w, https:\/\/www.elpolitologoyelpolitico.com.ar\/wp-content\/uploads\/2022\/09\/IMG-20220913-WA0032-150x150.jpg 150w\" sizes=\"(max-width: 720px) 100vw, 720px\" \/><\/figure>\n\n\n\n<p>&nbsp;Consultas e informes: doctorado.estudiospyc@curza.uncoma.edu.ar\/ <a href=\"mailto:posgrado@curza.uncoma.edu.ar\">posgrado@curza.uncoma.edu.ar<\/a><\/p>\n\n\n\n<p>&nbsp;Condiciones de admisi\u00f3n y preinscripciones (a partir del 1\u00b0 de octubre): <a href=\"https:\/\/web.curza.uncoma.edu.ar\/posgrado\/adminsion\">https:\/\/web.curza.uncoma.edu.ar\/posgrado\/adminsion<\/a><\/p>\n\n\n\n<p>&nbsp;M\u00e1s informaci\u00f3n: <a href=\"https:\/\/web.curza.uncoma.edu.ar\/posgrado\/doctorado-en-estudios-politicos-y-culturales\">https:\/\/web.curza.uncoma.edu.ar\/posgrado\/doctorado-en-estudios-politicos-y-culturales<\/a><\/p>\n<div class=\"fb-background-color\">\n\t\t\t  <div \n\t\t\t  \tclass = \"fb-comments\" \n\t\t\t  \tdata-href = \"https:\/\/www.elpolitologoyelpolitico.com.ar\/wordpress\/2022\/09\/14\/doctorado-en-estudios-politicos-y-culturales-las-pre-inscripciones-estaran-abiertas-desde-el-1-de-octubre-al-15-de-noviembre\/\"\n\t\t\t  \tdata-numposts = \"10\"\n\t\t\t  \tdata-lazy = \"true\"\n\t\t\t\tdata-colorscheme = \"light\"\n\t\t\t\tdata-order-by = \"social\"\n\t\t\t\tdata-mobile=true>\n\t\t\t  <\/div><\/div>\n\t\t  <style>\n\t\t    .fb-background-color {\n\t\t\t\tbackground: #ffffff !important;\n\t\t\t}\n\t\t\t.fb_iframe_widget_fluid_desktop iframe {\n\t\t\t    width: 100% !important;\n\t\t\t}\n\t\t  <\/style>\n\t\t  ","protected":false},"excerpt":{"rendered":"<p>El Doctorado en Estudios Pol\u00edticos y Culturales constituye una novedosa propuesta&nbsp; interdisciplinaria destinada a formar recursos humanos de la m\u00e1s alta excelencia, con una perspectiva cr\u00edtica, plural y transdisciplinar, que aporten nuevos y originales conocimientos en el campo de las Ciencias Sociales y Humanas y puedan brindar herramientas para la soluci\u00f3n de las diversas problem\u00e1ticas [&hellip;]<\/p>\n","protected":false},"author":4,"featured_media":24343,"comment_status":"closed","ping_status":"closed","sticky":false,"template":"","format":"standard","meta":{"_joinchat":[],"footnotes":""},"categories":[39],"tags":[],"class_list":["post-24342","post","type-post","status-publish","format-standard","has-post-thumbnail","hentry","category-en-esta-seccion"],"_links":{"self":[{"href":"https:\/\/www.elpolitologoyelpolitico.com.ar\/wordpress\/wp-json\/wp\/v2\/posts\/24342","targetHints":{"allow":["GET"]}}],"collection":[{"href":"https:\/\/www.elpolitologoyelpolitico.com.ar\/wordpress\/wp-json\/wp\/v2\/posts"}],"about":[{"href":"https:\/\/www.elpolitologoyelpolitico.com.ar\/wordpress\/wp-json\/wp\/v2\/types\/post"}],"author":[{"embeddable":true,"href":"https:\/\/www.elpolitologoyelpolitico.com.ar\/wordpress\/wp-json\/wp\/v2\/users\/4"}],"replies":[{"embeddable":true,"href":"https:\/\/www.elpolitologoyelpolitico.com.ar\/wordpress\/wp-json\/wp\/v2\/comments?post=24342"}],"version-history":[{"count":0,"href":"https:\/\/www.elpolitologoyelpolitico.com.ar\/wordpress\/wp-json\/wp\/v2\/posts\/24342\/revisions"}],"wp:featuredmedia":[{"embeddable":true,"href":"https:\/\/www.elpolitologoyelpolitico.com.ar\/wordpress\/wp-json\/wp\/v2\/media\/24343"}],"wp:attachment":[{"href":"https:\/\/www.elpolitologoyelpolitico.com.ar\/wordpress\/wp-json\/wp\/v2\/media?parent=24342"}],"wp:term":[{"taxonomy":"category","embeddable":true,"href":"https:\/\/www.elpolitologoyelpolitico.com.ar\/wordpress\/wp-json\/wp\/v2\/categories?post=24342"},{"taxonomy":"post_tag","embeddable":true,"href":"https:\/\/www.elpolitologoyelpolitico.com.ar\/wordpress\/wp-json\/wp\/v2\/tags?post=24342"}],"curies":[{"name":"wp","href":"https:\/\/api.w.org\/{rel}","templated":true}]}}