{"id":24338,"date":"2022-09-14T13:39:00","date_gmt":"2022-09-14T13:39:00","guid":{"rendered":"https:\/\/www.elpolitologoyelpolitico.com.ar\/wordpress\/?p=24338"},"modified":"2022-09-14T13:40:49","modified_gmt":"2022-09-14T13:40:49","slug":"la-gobernadora-carreras-recibio-a-autoridades-de-la-universidad-nacional-del-comahue","status":"publish","type":"post","link":"https:\/\/www.elpolitologoyelpolitico.com.ar\/wordpress\/2022\/09\/14\/la-gobernadora-carreras-recibio-a-autoridades-de-la-universidad-nacional-del-comahue\/","title":{"rendered":"La Gobernadora Carreras recibi\u00f3 a autoridades de la Universidad Nacional del Comahue"},"content":{"rendered":"\n<p>La Gobernadora Arabela Carreras recibi\u00f3 a autoridades de la Universidad Nacional del Comahue (UNCO) con quienes analiz\u00f3 el avance del Plan Estrat\u00e9gico de Hidr\u00f3geno Verde y la implementaci\u00f3n de un Programa de Formaci\u00f3n Virtual Superior en la Regi\u00f3n Sur.<\/p>\n\n\n\n<p>De la reuni\u00f3n con la Mandataria, participaron la rectora de la UNCO, Beatriz Gentile; el vicerrector, Paul Osovnikar y la decana del CURZA en Viedma, Adriana Goicochea.<\/p>\n\n\n\n<p>En principio, las autoridades de la UNCO manifestaron su intenci\u00f3n de sumarse al Plan Estrat\u00e9gico de Hidr\u00f3geno Verde, con la posibilidad de sumar una nueva oferta educativa adem\u00e1s de la Diplomatura que se est\u00e1 dictando en la Universidad de R\u00edo Negro.<\/p>\n\n\n\n<p>Tambi\u00e9n se avanz\u00f3 en aspectos del Programa de Formaci\u00f3n Virtual Superior para la Regi\u00f3n Sur. \u201cSe trata de un programa donde la Provincia pueda sostener la conectividad y los dispositivos para los estudiantes; y la Universidad pueda ofrecer una serie de carreras o trayectos formativos que se den de forma virtual\u201d, explic\u00f3 Gentile.<\/p>\n\n\n\n<p>Por su parte, el Vicerrector Osovnikar tambi\u00e9n explic\u00f3 que uno de los objetivos fundamentales es \u201ctrabajar en una tecnicatura para empezar a proyectar el futuro de las energ\u00edas renovables en la provincia\u201d.<\/p>\n\n\n\n<p>Asimismo, Osovnikar explic\u00f3 que es \u201cimportant\u00edsimo\u201d potenciar el trabajo conjunto con el Gobierno Provincial: \u201cNuestra universidad est\u00e1 emplazada en siete localidades de la provincia, y el objetivo es vincularnos fuertemente con cada una de ellas; por eso estuvimos trabajando en las actividades que hacen las distintas unidades acad\u00e9micas y, a partir de ahora, seguiremos trabajando con los Ministerios de Gobierno, Educaci\u00f3n y Salud\u201d.<\/p>\n<div class=\"fb-background-color\">\n\t\t\t  <div \n\t\t\t  \tclass = \"fb-comments\" \n\t\t\t  \tdata-href = \"https:\/\/www.elpolitologoyelpolitico.com.ar\/wordpress\/2022\/09\/14\/la-gobernadora-carreras-recibio-a-autoridades-de-la-universidad-nacional-del-comahue\/\"\n\t\t\t  \tdata-numposts = \"10\"\n\t\t\t  \tdata-lazy = \"true\"\n\t\t\t\tdata-colorscheme = \"light\"\n\t\t\t\tdata-order-by = \"social\"\n\t\t\t\tdata-mobile=true>\n\t\t\t  <\/div><\/div>\n\t\t  <style>\n\t\t    .fb-background-color {\n\t\t\t\tbackground: #ffffff !important;\n\t\t\t}\n\t\t\t.fb_iframe_widget_fluid_desktop iframe {\n\t\t\t    width: 100% !important;\n\t\t\t}\n\t\t  <\/style>\n\t\t  ","protected":false},"excerpt":{"rendered":"<p>La Gobernadora Arabela Carreras recibi\u00f3 a autoridades de la Universidad Nacional del Comahue (UNCO) con quienes analiz\u00f3 el avance del Plan Estrat\u00e9gico de Hidr\u00f3geno Verde y la implementaci\u00f3n de un Programa de Formaci\u00f3n Virtual Superior en la Regi\u00f3n Sur. De la reuni\u00f3n con la Mandataria, participaron la rectora de la UNCO, Beatriz Gentile; el vicerrector, [&hellip;]<\/p>\n","protected":false},"author":4,"featured_media":24339,"comment_status":"closed","ping_status":"closed","sticky":false,"template":"","format":"standard","meta":{"_joinchat":[],"footnotes":""},"categories":[4],"tags":[],"class_list":["post-24338","post","type-post","status-publish","format-standard","has-post-thumbnail","hentry","category-politicas-publicas"],"_links":{"self":[{"href":"https:\/\/www.elpolitologoyelpolitico.com.ar\/wordpress\/wp-json\/wp\/v2\/posts\/24338","targetHints":{"allow":["GET"]}}],"collection":[{"href":"https:\/\/www.elpolitologoyelpolitico.com.ar\/wordpress\/wp-json\/wp\/v2\/posts"}],"about":[{"href":"https:\/\/www.elpolitologoyelpolitico.com.ar\/wordpress\/wp-json\/wp\/v2\/types\/post"}],"author":[{"embeddable":true,"href":"https:\/\/www.elpolitologoyelpolitico.com.ar\/wordpress\/wp-json\/wp\/v2\/users\/4"}],"replies":[{"embeddable":true,"href":"https:\/\/www.elpolitologoyelpolitico.com.ar\/wordpress\/wp-json\/wp\/v2\/comments?post=24338"}],"version-history":[{"count":0,"href":"https:\/\/www.elpolitologoyelpolitico.com.ar\/wordpress\/wp-json\/wp\/v2\/posts\/24338\/revisions"}],"wp:featuredmedia":[{"embeddable":true,"href":"https:\/\/www.elpolitologoyelpolitico.com.ar\/wordpress\/wp-json\/wp\/v2\/media\/24339"}],"wp:attachment":[{"href":"https:\/\/www.elpolitologoyelpolitico.com.ar\/wordpress\/wp-json\/wp\/v2\/media?parent=24338"}],"wp:term":[{"taxonomy":"category","embeddable":true,"href":"https:\/\/www.elpolitologoyelpolitico.com.ar\/wordpress\/wp-json\/wp\/v2\/categories?post=24338"},{"taxonomy":"post_tag","embeddable":true,"href":"https:\/\/www.elpolitologoyelpolitico.com.ar\/wordpress\/wp-json\/wp\/v2\/tags?post=24338"}],"curies":[{"name":"wp","href":"https:\/\/api.w.org\/{rel}","templated":true}]}}