{"id":24331,"date":"2022-09-14T02:44:50","date_gmt":"2022-09-14T02:44:50","guid":{"rendered":"https:\/\/www.elpolitologoyelpolitico.com.ar\/wordpress\/?p=24331"},"modified":"2022-09-14T02:45:31","modified_gmt":"2022-09-14T02:45:31","slug":"zara-superviso-el-avance-del-plan-de-reconversion-luminica-en-carmen-de-patagones","status":"publish","type":"post","link":"https:\/\/www.elpolitologoyelpolitico.com.ar\/wordpress\/2022\/09\/14\/zara-superviso-el-avance-del-plan-de-reconversion-luminica-en-carmen-de-patagones\/","title":{"rendered":"Zara supervis\u00f3 el avance del plan de reconversi\u00f3n lum\u00ednica en Carmen de Patagones"},"content":{"rendered":"\n<p>El Intendente de Patagones, Ing. Jos\u00e9 Luis Zara, recorri\u00f3 y supervis\u00f3, junto al Director del departamento de Alumbrado P\u00fablico, Carlos Mayer, una nueva etapa del Plan de Reconversi\u00f3n Lum\u00ednica en Carmen de Patagones.<\/p>\n\n\n\n<p>En esta oportunidad, las tareas se desarrollaron en la calle Alsina, entre la calle Italia y Bynon, donde se reemplazaron las luces de sodio de alta presi\u00f3n de 150, por unos 22 paneles Led de 150 watts.<\/p>\n\n\n\n<p>Los nuevos artefactos permiten reducir notablemente el gasto de energ\u00eda el\u00e9ctrica y ofrecen una \u00f3ptima iluminaci\u00f3n de cada sector.<\/p>\n\n\n\n<figure class=\"wp-block-gallery has-nested-images columns-default is-cropped wp-block-gallery-1 is-layout-flex wp-block-gallery-is-layout-flex\">\n<figure class=\"wp-block-image size-large\"><img fetchpriority=\"high\" decoding=\"async\" width=\"461\" height=\"1024\" data-id=\"24334\" src=\"https:\/\/www.elpolitologoyelpolitico.com.ar\/wp-content\/uploads\/2022\/09\/IMG-20220913-WA0021-461x1024.jpg\" alt=\"\" class=\"wp-image-24334\" srcset=\"https:\/\/www.elpolitologoyelpolitico.com.ar\/wp-content\/uploads\/2022\/09\/IMG-20220913-WA0021-461x1024.jpg 461w, https:\/\/www.elpolitologoyelpolitico.com.ar\/wp-content\/uploads\/2022\/09\/IMG-20220913-WA0021-135x300.jpg 135w, https:\/\/www.elpolitologoyelpolitico.com.ar\/wp-content\/uploads\/2022\/09\/IMG-20220913-WA0021.jpg 576w\" sizes=\"(max-width: 461px) 100vw, 461px\" \/><\/figure>\n<\/figure>\n\n\n\n<figure class=\"wp-block-image size-full\"><img decoding=\"async\" width=\"720\" height=\"324\" src=\"https:\/\/www.elpolitologoyelpolitico.com.ar\/wp-content\/uploads\/2022\/09\/IMG-20220913-WA0020-1.jpg\" alt=\"\" class=\"wp-image-24335\" srcset=\"https:\/\/www.elpolitologoyelpolitico.com.ar\/wp-content\/uploads\/2022\/09\/IMG-20220913-WA0020-1.jpg 720w, https:\/\/www.elpolitologoyelpolitico.com.ar\/wp-content\/uploads\/2022\/09\/IMG-20220913-WA0020-1-300x135.jpg 300w\" sizes=\"(max-width: 720px) 100vw, 720px\" \/><\/figure>\n\n\n\n<p><\/p>\n<div class=\"fb-background-color\">\n\t\t\t  <div \n\t\t\t  \tclass = \"fb-comments\" \n\t\t\t  \tdata-href = \"https:\/\/www.elpolitologoyelpolitico.com.ar\/wordpress\/2022\/09\/14\/zara-superviso-el-avance-del-plan-de-reconversion-luminica-en-carmen-de-patagones\/\"\n\t\t\t  \tdata-numposts = \"10\"\n\t\t\t  \tdata-lazy = \"true\"\n\t\t\t\tdata-colorscheme = \"light\"\n\t\t\t\tdata-order-by = \"social\"\n\t\t\t\tdata-mobile=true>\n\t\t\t  <\/div><\/div>\n\t\t  <style>\n\t\t    .fb-background-color {\n\t\t\t\tbackground: #ffffff !important;\n\t\t\t}\n\t\t\t.fb_iframe_widget_fluid_desktop iframe {\n\t\t\t    width: 100% !important;\n\t\t\t}\n\t\t  <\/style>\n\t\t  ","protected":false},"excerpt":{"rendered":"<p>El Intendente de Patagones, Ing. Jos\u00e9 Luis Zara, recorri\u00f3 y supervis\u00f3, junto al Director del departamento de Alumbrado P\u00fablico, Carlos Mayer, una nueva etapa del Plan de Reconversi\u00f3n Lum\u00ednica en Carmen de Patagones. En esta oportunidad, las tareas se desarrollaron en la calle Alsina, entre la calle Italia y Bynon, donde se reemplazaron las luces [&hellip;]<\/p>\n","protected":false},"author":4,"featured_media":24332,"comment_status":"closed","ping_status":"closed","sticky":false,"template":"","format":"standard","meta":{"_joinchat":[],"footnotes":""},"categories":[39],"tags":[],"class_list":["post-24331","post","type-post","status-publish","format-standard","has-post-thumbnail","hentry","category-en-esta-seccion"],"_links":{"self":[{"href":"https:\/\/www.elpolitologoyelpolitico.com.ar\/wordpress\/wp-json\/wp\/v2\/posts\/24331","targetHints":{"allow":["GET"]}}],"collection":[{"href":"https:\/\/www.elpolitologoyelpolitico.com.ar\/wordpress\/wp-json\/wp\/v2\/posts"}],"about":[{"href":"https:\/\/www.elpolitologoyelpolitico.com.ar\/wordpress\/wp-json\/wp\/v2\/types\/post"}],"author":[{"embeddable":true,"href":"https:\/\/www.elpolitologoyelpolitico.com.ar\/wordpress\/wp-json\/wp\/v2\/users\/4"}],"replies":[{"embeddable":true,"href":"https:\/\/www.elpolitologoyelpolitico.com.ar\/wordpress\/wp-json\/wp\/v2\/comments?post=24331"}],"version-history":[{"count":0,"href":"https:\/\/www.elpolitologoyelpolitico.com.ar\/wordpress\/wp-json\/wp\/v2\/posts\/24331\/revisions"}],"wp:featuredmedia":[{"embeddable":true,"href":"https:\/\/www.elpolitologoyelpolitico.com.ar\/wordpress\/wp-json\/wp\/v2\/media\/24332"}],"wp:attachment":[{"href":"https:\/\/www.elpolitologoyelpolitico.com.ar\/wordpress\/wp-json\/wp\/v2\/media?parent=24331"}],"wp:term":[{"taxonomy":"category","embeddable":true,"href":"https:\/\/www.elpolitologoyelpolitico.com.ar\/wordpress\/wp-json\/wp\/v2\/categories?post=24331"},{"taxonomy":"post_tag","embeddable":true,"href":"https:\/\/www.elpolitologoyelpolitico.com.ar\/wordpress\/wp-json\/wp\/v2\/tags?post=24331"}],"curies":[{"name":"wp","href":"https:\/\/api.w.org\/{rel}","templated":true}]}}