{"id":24326,"date":"2022-09-14T00:14:32","date_gmt":"2022-09-14T00:14:32","guid":{"rendered":"https:\/\/www.elpolitologoyelpolitico.com.ar\/wordpress\/?p=24326"},"modified":"2022-09-14T00:14:58","modified_gmt":"2022-09-14T00:14:58","slug":"manos-que-trabajan-abre-nuevamente-sus-inscripciones","status":"publish","type":"post","link":"https:\/\/www.elpolitologoyelpolitico.com.ar\/wordpress\/2022\/09\/14\/manos-que-trabajan-abre-nuevamente-sus-inscripciones\/","title":{"rendered":"Manos que Trabajan\u201d abre nuevamente sus inscripciones"},"content":{"rendered":"\n<p>El gobierno de Viedma abre las inscripciones para nuevos talleres de oficios en el marco del programa municipal \u201cManos que Trabajan\u201d.<\/p>\n\n\n\n<p>Las mismas ser\u00e1n a partir de ma\u00f1ana mi\u00e9rcoles 14 de septiembre de 9 a 12hs en la sede de la secretar\u00eda de Desarrollo e Integraci\u00f3n Social ubicada en Alvaro Barros 1508.<\/p>\n\n\n\n<p>Las y los interesados en inscribirse deben ser mayores de 18 a\u00f1os y presentar fotocopia de DNI.<\/p>\n\n\n\n<p>En esta oportunidad se desarrollar\u00e1n 19 talleres de oficio en las diferentes juntas vecinales y tendr\u00e1n una duraci\u00f3n de tres meses.<\/p>\n\n\n\n<p>Los talleres que se llevar\u00e1n adelante son soldadura, Mec\u00e1nica de Motos, Instalaci\u00f3n y Reparaci\u00f3n de Aire Acondicionado y Heladera. Maquillaje y Deplilaci\u00f3n, Reflexolog\u00eda, electricidad domiciliaria, peluquer\u00eda unisex, reparaci\u00f3n de celulares, plomer\u00eda, panader\u00eda y fabricaci\u00f3n de pastas, introducci\u00f3n al control, admisi\u00f3n y permanencia en espacios P\u00fablicos y Privados, Construcci\u00f3n en Seco, Reposter\u00eda y Decoraci\u00f3n de Tortas, Corte y Confecci\u00f3n, Instalaci\u00f3n de Alarmas Domiciliarias y Comerciales, Mozo y Camarero de Sal\u00f3n, Manicur\u00eda, Radio, Locuci\u00f3n y Periodismo, y Electricidad del automotor<\/p>\n\n\n\n<p><strong>Manos que Trabajan<\/strong><\/p>\n\n\n\n<p>Este programa municipal busca generar iniciativas que permitan fomentar la inserci\u00f3n laboral, aumentar las condiciones de empleabilidad y animar a j\u00f3venes y adultos a generar iniciativas que permitan solucionar el d\u00e9ficit econ\u00f3mico del hogar a trav\u00e9s de la implementaci\u00f3n de estas capacitaciones.<\/p>\n\n\n\n<figure class=\"wp-block-image size-full\"><img fetchpriority=\"high\" decoding=\"async\" width=\"720\" height=\"720\" src=\"https:\/\/www.elpolitologoyelpolitico.com.ar\/wp-content\/uploads\/2022\/09\/IMG-20220913-WA0018.jpg\" alt=\"\" class=\"wp-image-24328\" srcset=\"https:\/\/www.elpolitologoyelpolitico.com.ar\/wp-content\/uploads\/2022\/09\/IMG-20220913-WA0018.jpg 720w, https:\/\/www.elpolitologoyelpolitico.com.ar\/wp-content\/uploads\/2022\/09\/IMG-20220913-WA0018-300x300.jpg 300w, https:\/\/www.elpolitologoyelpolitico.com.ar\/wp-content\/uploads\/2022\/09\/IMG-20220913-WA0018-150x150.jpg 150w\" sizes=\"(max-width: 720px) 100vw, 720px\" \/><\/figure>\n<div class=\"fb-background-color\">\n\t\t\t  <div \n\t\t\t  \tclass = \"fb-comments\" \n\t\t\t  \tdata-href = \"https:\/\/www.elpolitologoyelpolitico.com.ar\/wordpress\/2022\/09\/14\/manos-que-trabajan-abre-nuevamente-sus-inscripciones\/\"\n\t\t\t  \tdata-numposts = \"10\"\n\t\t\t  \tdata-lazy = \"true\"\n\t\t\t\tdata-colorscheme = \"light\"\n\t\t\t\tdata-order-by = \"social\"\n\t\t\t\tdata-mobile=true>\n\t\t\t  <\/div><\/div>\n\t\t  <style>\n\t\t    .fb-background-color {\n\t\t\t\tbackground: #ffffff !important;\n\t\t\t}\n\t\t\t.fb_iframe_widget_fluid_desktop iframe {\n\t\t\t    width: 100% !important;\n\t\t\t}\n\t\t  <\/style>\n\t\t  ","protected":false},"excerpt":{"rendered":"<p>El gobierno de Viedma abre las inscripciones para nuevos talleres de oficios en el marco del programa municipal \u201cManos que Trabajan\u201d. Las mismas ser\u00e1n a partir de ma\u00f1ana mi\u00e9rcoles 14 de septiembre de 9 a 12hs en la sede de la secretar\u00eda de Desarrollo e Integraci\u00f3n Social ubicada en Alvaro Barros 1508. Las y los [&hellip;]<\/p>\n","protected":false},"author":4,"featured_media":24327,"comment_status":"closed","ping_status":"closed","sticky":false,"template":"","format":"standard","meta":{"_joinchat":[],"footnotes":""},"categories":[39],"tags":[],"class_list":["post-24326","post","type-post","status-publish","format-standard","has-post-thumbnail","hentry","category-en-esta-seccion"],"_links":{"self":[{"href":"https:\/\/www.elpolitologoyelpolitico.com.ar\/wordpress\/wp-json\/wp\/v2\/posts\/24326","targetHints":{"allow":["GET"]}}],"collection":[{"href":"https:\/\/www.elpolitologoyelpolitico.com.ar\/wordpress\/wp-json\/wp\/v2\/posts"}],"about":[{"href":"https:\/\/www.elpolitologoyelpolitico.com.ar\/wordpress\/wp-json\/wp\/v2\/types\/post"}],"author":[{"embeddable":true,"href":"https:\/\/www.elpolitologoyelpolitico.com.ar\/wordpress\/wp-json\/wp\/v2\/users\/4"}],"replies":[{"embeddable":true,"href":"https:\/\/www.elpolitologoyelpolitico.com.ar\/wordpress\/wp-json\/wp\/v2\/comments?post=24326"}],"version-history":[{"count":0,"href":"https:\/\/www.elpolitologoyelpolitico.com.ar\/wordpress\/wp-json\/wp\/v2\/posts\/24326\/revisions"}],"wp:featuredmedia":[{"embeddable":true,"href":"https:\/\/www.elpolitologoyelpolitico.com.ar\/wordpress\/wp-json\/wp\/v2\/media\/24327"}],"wp:attachment":[{"href":"https:\/\/www.elpolitologoyelpolitico.com.ar\/wordpress\/wp-json\/wp\/v2\/media?parent=24326"}],"wp:term":[{"taxonomy":"category","embeddable":true,"href":"https:\/\/www.elpolitologoyelpolitico.com.ar\/wordpress\/wp-json\/wp\/v2\/categories?post=24326"},{"taxonomy":"post_tag","embeddable":true,"href":"https:\/\/www.elpolitologoyelpolitico.com.ar\/wordpress\/wp-json\/wp\/v2\/tags?post=24326"}],"curies":[{"name":"wp","href":"https:\/\/api.w.org\/{rel}","templated":true}]}}