{"id":24322,"date":"2022-09-13T23:20:28","date_gmt":"2022-09-13T23:20:28","guid":{"rendered":"https:\/\/www.elpolitologoyelpolitico.com.ar\/wordpress\/?p=24322"},"modified":"2022-09-13T23:21:25","modified_gmt":"2022-09-13T23:21:25","slug":"el-pago-de-indumentaria-a-estatales-se-realizara-el-21-de-septiembre","status":"publish","type":"post","link":"https:\/\/www.elpolitologoyelpolitico.com.ar\/wordpress\/2022\/09\/13\/el-pago-de-indumentaria-a-estatales-se-realizara-el-21-de-septiembre\/","title":{"rendered":"El pago de indumentaria a estatales se realizar\u00e1 el 21 de septiembre"},"content":{"rendered":"\n<p>El Gobierno Provincial anunci\u00f3 hoy que el mi\u00e9rcoles 21 de septiembre se abonar\u00e1 el concepto de indumentaria al personal estatal con un 156% de aumento, llevando el monto a $20.000 por cada agente.<\/p>\n\n\n\n<p>As\u00ed fue oficializado esta ma\u00f1ana, tras el encuentro que el ministro de Gobierno y Comunidad, Rodrigo Buteler, mantuvo con el secretario general del gremio ATE R\u00edo Negro, Rodrigo Vicente.<\/p>\n\n\n\n<p>La medida beneficiar\u00e1 a unos 19.970 trabajadores y trabajadoras del Estado y significar\u00e1 una inyecci\u00f3n de fondos estimada en $399.400.000 que impactar\u00e1 directamente en la econom\u00eda provincial.<\/p>\n\n\n\n<p>Durante la reuni\u00f3n, Buteler y Vicente dialogaron sobre la idea de actualizar el \u00edtem por Complemento 375, pero ante la falta de acuerdo respecto a las posibilidades de incremento, se posterg\u00f3 la discusi\u00f3n de este tema para futuros encuentros<\/p>\n<div class=\"fb-background-color\">\n\t\t\t  <div \n\t\t\t  \tclass = \"fb-comments\" \n\t\t\t  \tdata-href = \"https:\/\/www.elpolitologoyelpolitico.com.ar\/wordpress\/2022\/09\/13\/el-pago-de-indumentaria-a-estatales-se-realizara-el-21-de-septiembre\/\"\n\t\t\t  \tdata-numposts = \"10\"\n\t\t\t  \tdata-lazy = \"true\"\n\t\t\t\tdata-colorscheme = \"light\"\n\t\t\t\tdata-order-by = \"social\"\n\t\t\t\tdata-mobile=true>\n\t\t\t  <\/div><\/div>\n\t\t  <style>\n\t\t    .fb-background-color {\n\t\t\t\tbackground: #ffffff !important;\n\t\t\t}\n\t\t\t.fb_iframe_widget_fluid_desktop iframe {\n\t\t\t    width: 100% !important;\n\t\t\t}\n\t\t  <\/style>\n\t\t  ","protected":false},"excerpt":{"rendered":"<p>El Gobierno Provincial anunci\u00f3 hoy que el mi\u00e9rcoles 21 de septiembre se abonar\u00e1 el concepto de indumentaria al personal estatal con un 156% de aumento, llevando el monto a $20.000 por cada agente. As\u00ed fue oficializado esta ma\u00f1ana, tras el encuentro que el ministro de Gobierno y Comunidad, Rodrigo Buteler, mantuvo con el secretario general [&hellip;]<\/p>\n","protected":false},"author":4,"featured_media":24323,"comment_status":"closed","ping_status":"closed","sticky":false,"template":"","format":"standard","meta":{"_joinchat":[],"footnotes":""},"categories":[39],"tags":[],"class_list":["post-24322","post","type-post","status-publish","format-standard","has-post-thumbnail","hentry","category-en-esta-seccion"],"_links":{"self":[{"href":"https:\/\/www.elpolitologoyelpolitico.com.ar\/wordpress\/wp-json\/wp\/v2\/posts\/24322","targetHints":{"allow":["GET"]}}],"collection":[{"href":"https:\/\/www.elpolitologoyelpolitico.com.ar\/wordpress\/wp-json\/wp\/v2\/posts"}],"about":[{"href":"https:\/\/www.elpolitologoyelpolitico.com.ar\/wordpress\/wp-json\/wp\/v2\/types\/post"}],"author":[{"embeddable":true,"href":"https:\/\/www.elpolitologoyelpolitico.com.ar\/wordpress\/wp-json\/wp\/v2\/users\/4"}],"replies":[{"embeddable":true,"href":"https:\/\/www.elpolitologoyelpolitico.com.ar\/wordpress\/wp-json\/wp\/v2\/comments?post=24322"}],"version-history":[{"count":0,"href":"https:\/\/www.elpolitologoyelpolitico.com.ar\/wordpress\/wp-json\/wp\/v2\/posts\/24322\/revisions"}],"wp:featuredmedia":[{"embeddable":true,"href":"https:\/\/www.elpolitologoyelpolitico.com.ar\/wordpress\/wp-json\/wp\/v2\/media\/24323"}],"wp:attachment":[{"href":"https:\/\/www.elpolitologoyelpolitico.com.ar\/wordpress\/wp-json\/wp\/v2\/media?parent=24322"}],"wp:term":[{"taxonomy":"category","embeddable":true,"href":"https:\/\/www.elpolitologoyelpolitico.com.ar\/wordpress\/wp-json\/wp\/v2\/categories?post=24322"},{"taxonomy":"post_tag","embeddable":true,"href":"https:\/\/www.elpolitologoyelpolitico.com.ar\/wordpress\/wp-json\/wp\/v2\/tags?post=24322"}],"curies":[{"name":"wp","href":"https:\/\/api.w.org\/{rel}","templated":true}]}}