{"id":24316,"date":"2022-09-13T18:14:00","date_gmt":"2022-09-13T18:14:00","guid":{"rendered":"https:\/\/www.elpolitologoyelpolitico.com.ar\/wordpress\/?p=24316"},"modified":"2022-09-13T18:14:29","modified_gmt":"2022-09-13T18:14:29","slug":"viedma-vecinos-se-quejan-por-la-inundacion-de-una-plaza-del-barrio-santa-clara","status":"publish","type":"post","link":"https:\/\/www.elpolitologoyelpolitico.com.ar\/wordpress\/2022\/09\/13\/viedma-vecinos-se-quejan-por-la-inundacion-de-una-plaza-del-barrio-santa-clara\/","title":{"rendered":"VIEDMA: Vecinos se quejan por la inundaci\u00f3n de una Plaza del Barrio Santa Clara"},"content":{"rendered":"\n<p>Hace varios d\u00edas los vecinos del B\u00b0 Santa Clara y zonas cercanas, no pueden disfrutar de los juegos y espacios p\u00fablicos de la Plaza Luciana Peralta de Mart\u00ednez.<\/p>\n\n\n\n<p>A pesar de los d\u00edas lindos que hubo en Viedma, ni\u00f1as y ni\u00f1os, adolescentes y adultos no pudieron disfrutar de este espacio p\u00fablico ubicado en Viedma.&nbsp;<\/p>\n\n\n\n<figure class=\"wp-block-image size-full\"><img fetchpriority=\"high\" decoding=\"async\" width=\"720\" height=\"533\" src=\"https:\/\/www.elpolitologoyelpolitico.com.ar\/wp-content\/uploads\/2022\/09\/IMG-20220913-WA0024.jpg\" alt=\"\" class=\"wp-image-24318\" srcset=\"https:\/\/www.elpolitologoyelpolitico.com.ar\/wp-content\/uploads\/2022\/09\/IMG-20220913-WA0024.jpg 720w, https:\/\/www.elpolitologoyelpolitico.com.ar\/wp-content\/uploads\/2022\/09\/IMG-20220913-WA0024-300x222.jpg 300w\" sizes=\"(max-width: 720px) 100vw, 720px\" \/><\/figure>\n\n\n\n<p>En los pr\u00f3ximos d\u00edas se vienen temperaturas de 27\u00b0 a 30\u00b0 y los vecinos solicitan una r\u00e1pida respuesta.<\/p>\n\n\n\n<figure class=\"wp-block-image size-full\"><img decoding=\"async\" width=\"720\" height=\"522\" src=\"https:\/\/www.elpolitologoyelpolitico.com.ar\/wp-content\/uploads\/2022\/09\/IMG-20220913-WA0025.jpg\" alt=\"\" class=\"wp-image-24319\" srcset=\"https:\/\/www.elpolitologoyelpolitico.com.ar\/wp-content\/uploads\/2022\/09\/IMG-20220913-WA0025.jpg 720w, https:\/\/www.elpolitologoyelpolitico.com.ar\/wp-content\/uploads\/2022\/09\/IMG-20220913-WA0025-300x218.jpg 300w\" sizes=\"(max-width: 720px) 100vw, 720px\" \/><\/figure>\n\n\n\n<p><strong>\u201cHasta las veredas se cargan con agua\u201d <\/strong>fueron algunas de las palabras de los vecinos.<\/p>\n<div class=\"fb-background-color\">\n\t\t\t  <div \n\t\t\t  \tclass = \"fb-comments\" \n\t\t\t  \tdata-href = \"https:\/\/www.elpolitologoyelpolitico.com.ar\/wordpress\/2022\/09\/13\/viedma-vecinos-se-quejan-por-la-inundacion-de-una-plaza-del-barrio-santa-clara\/\"\n\t\t\t  \tdata-numposts = \"10\"\n\t\t\t  \tdata-lazy = \"true\"\n\t\t\t\tdata-colorscheme = \"light\"\n\t\t\t\tdata-order-by = \"social\"\n\t\t\t\tdata-mobile=true>\n\t\t\t  <\/div><\/div>\n\t\t  <style>\n\t\t    .fb-background-color {\n\t\t\t\tbackground: #ffffff !important;\n\t\t\t}\n\t\t\t.fb_iframe_widget_fluid_desktop iframe {\n\t\t\t    width: 100% !important;\n\t\t\t}\n\t\t  <\/style>\n\t\t  ","protected":false},"excerpt":{"rendered":"<p>Hace varios d\u00edas los vecinos del B\u00b0 Santa Clara y zonas cercanas, no pueden disfrutar de los juegos y espacios p\u00fablicos de la Plaza Luciana Peralta de Mart\u00ednez. A pesar de los d\u00edas lindos que hubo en Viedma, ni\u00f1as y ni\u00f1os, adolescentes y adultos no pudieron disfrutar de este espacio p\u00fablico ubicado en Viedma.&nbsp; En [&hellip;]<\/p>\n","protected":false},"author":4,"featured_media":24317,"comment_status":"closed","ping_status":"closed","sticky":false,"template":"","format":"standard","meta":{"_joinchat":[],"footnotes":""},"categories":[39],"tags":[],"class_list":["post-24316","post","type-post","status-publish","format-standard","has-post-thumbnail","hentry","category-en-esta-seccion"],"_links":{"self":[{"href":"https:\/\/www.elpolitologoyelpolitico.com.ar\/wordpress\/wp-json\/wp\/v2\/posts\/24316","targetHints":{"allow":["GET"]}}],"collection":[{"href":"https:\/\/www.elpolitologoyelpolitico.com.ar\/wordpress\/wp-json\/wp\/v2\/posts"}],"about":[{"href":"https:\/\/www.elpolitologoyelpolitico.com.ar\/wordpress\/wp-json\/wp\/v2\/types\/post"}],"author":[{"embeddable":true,"href":"https:\/\/www.elpolitologoyelpolitico.com.ar\/wordpress\/wp-json\/wp\/v2\/users\/4"}],"replies":[{"embeddable":true,"href":"https:\/\/www.elpolitologoyelpolitico.com.ar\/wordpress\/wp-json\/wp\/v2\/comments?post=24316"}],"version-history":[{"count":0,"href":"https:\/\/www.elpolitologoyelpolitico.com.ar\/wordpress\/wp-json\/wp\/v2\/posts\/24316\/revisions"}],"wp:featuredmedia":[{"embeddable":true,"href":"https:\/\/www.elpolitologoyelpolitico.com.ar\/wordpress\/wp-json\/wp\/v2\/media\/24317"}],"wp:attachment":[{"href":"https:\/\/www.elpolitologoyelpolitico.com.ar\/wordpress\/wp-json\/wp\/v2\/media?parent=24316"}],"wp:term":[{"taxonomy":"category","embeddable":true,"href":"https:\/\/www.elpolitologoyelpolitico.com.ar\/wordpress\/wp-json\/wp\/v2\/categories?post=24316"},{"taxonomy":"post_tag","embeddable":true,"href":"https:\/\/www.elpolitologoyelpolitico.com.ar\/wordpress\/wp-json\/wp\/v2\/tags?post=24316"}],"curies":[{"name":"wp","href":"https:\/\/api.w.org\/{rel}","templated":true}]}}