{"id":24309,"date":"2022-09-13T18:00:35","date_gmt":"2022-09-13T18:00:35","guid":{"rendered":"https:\/\/www.elpolitologoyelpolitico.com.ar\/wordpress\/?p=24309"},"modified":"2022-09-13T18:01:10","modified_gmt":"2022-09-13T18:01:10","slug":"el-intendente-zara-presidio-el-acto-por-los-100-anos-de-jose-benito-casas","status":"publish","type":"post","link":"https:\/\/www.elpolitologoyelpolitico.com.ar\/wordpress\/2022\/09\/13\/el-intendente-zara-presidio-el-acto-por-los-100-anos-de-jose-benito-casas\/","title":{"rendered":"El Intendente Zara presidi\u00f3 el acto por los 100 a\u00f1os de Jos\u00e9 Benito Casas"},"content":{"rendered":"\n<p>Este lunes, el Intendente Municipal, Ing. Jos\u00e9 Luis Zara, presidi\u00f3 el acto en conmemoraci\u00f3n del 100\u00b0 aniversario de la localidad de Jos\u00e9 Benito Casas.<\/p>\n\n\n\n<p>El jefe comunal estuvo acompa\u00f1ado por la Presidente de la Comisi\u00f3n de Fomento, Nabila Vicu\u00f1a, el delegado municipal de Bah\u00eda San Blas, Marcelo Molteni, funcionarios del gabinete municipal, concejales de Juntos, autoridades educativas, representantes de las fuerzas de seguridad, familias de la comunidad educativa y vecinos.&nbsp;<\/p>\n\n\n\n<p>Al inicio de la ceremonia, se hizo presente la bandera de la Escuela Primaria N\u00ba 13, \u201cGeneral Manuel Belgrano\u201d.<\/p>\n\n\n\n<p>En la apertura, el Intendente Zara, junto a Molteni, personal docente y alumnos de la Escuela 13 acompa\u00f1aron el descubrimiento de una placa conmemorativa, con la frase: \u201cCelebramos los 100\u00ba a\u00f1os de Jos\u00e9 Benito Casas, un pueblo que ve nacer y crecer a grandes personas que dejaron y dejan huellas en cada uno de nosotros\u201d.<\/p>\n\n\n\n<p>Luego todos entonaron las estrofas del Himno Nacional Argentino.<\/p>\n\n\n\n<p>A continuaci\u00f3n, la docente Ayel\u00e9n Alzueta, di\u00f3 lectura al saludo de la Directora del establecimiento, Daiana Benardi, quien envi\u00f3 su salutaci\u00f3n \u201crespeto y reconocimiento a todos los habitantes de la localidad\u201d.&nbsp;<\/p>\n\n\n\n<p>Luego, hizo lo propio la presidente de la Comisi\u00f3n de Fomento del lugar, Nabila Vicu\u00f1a: \u201cQuiero agradecer al se\u00f1or Intendente Municipal, Jos\u00e9 Luis Zara, a las autoridades presentes y a los habitantes de mi querido pueblo, como tambi\u00e9n a las docentes y los alumnos de la Escuela N\u00b013 por acompa\u00f1arnos en la conmemoraci\u00f3n de los 100 a\u00f1os de Jos\u00e9 Benito Casas. Estoy orgullosa de poder formar parte de esta comisi\u00f3n que viene formada hace varios a\u00f1os. Vamos a seguir trabajando para poder lograr el objetivo de ver a nuestro pueblo como siempre lo quisimos ver\u201d, expres\u00f3.&nbsp;<\/p>\n\n\n\n<p>Del mismo modo, agradeci\u00f3 al jefe comunal y al delegado municipal, Marcelo Molteni, \u00abpor atender siempre nuestras inquietudes y estar pendientes de cualquier falta\u00bb.&nbsp;<\/p>\n\n\n\n<p>\u00abPrometemos como Comisi\u00f3n seguir esforz\u00e1ndonos para que abunde la uni\u00f3n y el trabajo en equipo\u00bb, concluy\u00f3.<\/p>\n\n\n\n<p>En tanto, el Director del Museo Hist\u00f3rico Regional Emma Nozzi, Leandro Dam, hizo su aporte con importantes referencias de los inicios de la poblaci\u00f3n de J.B. Casas.&nbsp;<\/p>\n\n\n\n<p>\u00abCelebramos los primeros 100 a\u00f1os de esta&nbsp; poblaci\u00f3n arranca all\u00e1 por el 1922, cuando pasa el tren por primera vez, protag\u00f3nico en ese momento porque le dio vida al lugar. A partir de ese momento fueron los vecinos y vecinas los que&nbsp; sostuvieron y le dieron vida, a trav\u00e9s de la lucha, el esfuerzo, por generaciones y generaciones lograron sostener esta poblaci\u00f3n\u00bb, refiri\u00f3.&nbsp;<\/p>\n\n\n\n<p>Asimismo, describi\u00f3 el trabajo arduo del productor rural del Sur bonaerense, especialmente en el distrito m\u00e1s austral.&nbsp;<\/p>\n\n\n\n<p>\u201cLa vida de todos los que estamos ac\u00e1 se traduce en esfuerzo. En este pueblo, por ejemplo, la sombra de los eucaliptos, el agua con carros, la luz, el primer tel\u00e9fono p\u00fablico, la primera escuela, todo llev\u00f3 mucho trabajo y esfuerzo de los vecinos y las vecinas de Casas\u201d, afirm\u00f3 Dam.&nbsp;<\/p>\n\n\n\n<p>Para finalizar su alocuci\u00f3n, y ante la celebraci\u00f3n reciente del natalicio del Comandante Luis Piedra Buena, Dam pronunci\u00f3 una frase del hom\u00f3nimo: \u201cHay mujeres y hombres que luchan un d\u00eda y son muy buenos, hay otros que luchan un a\u00f1o y son mejores, hay otros que luchan muchos a\u00f1os y son mucho mejores. Pero hay algunos que luchan toda la vida y esos, esos son los imprescindibles\u00bb.<\/p>\n\n\n\n<p>Posteriormente, se digiri\u00f3 a los presentes el delegado municipal, Marcelo Molteni.&nbsp;<\/p>\n\n\n\n<p>\u00abEs un honor ser parte de estos 100 a\u00f1os, tengo palabras de agradecimiento, a Rosa que siempre est\u00e1 con nosotros, a Vicu\u00f1a Blanco que siempre nos ayuda sin pedir nada a cambio, a Chaira que siempre nos da una mano\u201d, cont\u00f3 el delegado.&nbsp;<\/p>\n\n\n\n<p>Adem\u00e1s, a\u00f1adi\u00f3: \u201cMe comprometo a seguir trabajando. Siempre que he ido con un planteo a Jos\u00e9 -Zara- por el tema de luminarias, del camino, entre otras cuestiones, he tenido respuestas favorables. Uno siente mucho este lugar porque toda la vida ha pasado por ac\u00e1, y nos comprometemos a seguir trabajando\u00bb.<\/p>\n\n\n\n<figure class=\"wp-block-image size-full is-resized\"><img fetchpriority=\"high\" decoding=\"async\" src=\"https:\/\/www.elpolitologoyelpolitico.com.ar\/wp-content\/uploads\/2022\/09\/IMG-20220913-WA0006.jpg\" alt=\"\" class=\"wp-image-24311\" width=\"685\" height=\"445\"\/><\/figure>\n\n\n\n<p>Para el cierre de la ceremonia, brind\u00f3 su discurso el Intendente, Jos\u00e9 Luis Zara, quien pidi\u00f3 \u201cromper el protocolo\u201d y llam\u00f3 a un vecino del lugar que hizo \u00e9nfasis en el privilegio de vivir en la localidad.&nbsp;<\/p>\n\n\n\n<p>Luego, el mandatario dej\u00f3 entrever su emoci\u00f3n al celebrar el centenario de la localidad en la cual creci\u00f3: \u201cNos reunimos para celebrar el centenario de mi querido Jos\u00e9 Benito Casas. Recordar los momentos en familia que se me vienen a la mente, este lugar; el cual lo he transitado tantas veces. Para los que tuvieron la responsabilidad de dar los primeros pasos y encaminar el rumbo de esta localidad \u00a1Gracias!, muchos ya han partido, algunos van y vienen pero no se olvidan que este es su pueblo, d\u00f3nde seguramente guardan bellos recuerdos en el coraz\u00f3n\u201d.&nbsp;<\/p>\n\n\n\n<p>\u201cDebemos recordar nuestra historia, nuestro pasado como huella vivida, lo que fuimos y lo que somos para posicionarnos frente al futuro, donde podemos delinear de manera clara el recorrido que necesitamos emprender d\u00eda a d\u00eda. Que esta celebraci\u00f3n permita mirarnos a los ojos y reconocernos en el vecino, en el otro que tenemos a nuestro lado, y juntos como colectivo sigamos apostando por el crecimiento y desarrollo de nuestra querida localidad\u201d, concluy\u00f3.<\/p>\n\n\n\n<p>El final de la ceremonia se vivi\u00f3 con gran emoci\u00f3n. Tras despedir a las banderas de ceremonia, los vecinos se trasladaron, junto al Intendente, a la plaza del pueblo, donde juntos dejaron formalmente inaugurados los nuevos juegos.<\/p>\n\n\n\n<figure class=\"wp-block-gallery has-nested-images columns-default is-cropped wp-block-gallery-1 is-layout-flex wp-block-gallery-is-layout-flex\">\n<figure class=\"wp-block-image size-large\"><img decoding=\"async\" width=\"720\" height=\"532\" data-id=\"24312\" src=\"https:\/\/www.elpolitologoyelpolitico.com.ar\/wp-content\/uploads\/2022\/09\/IMG-20220913-WA0007.jpg\" alt=\"\" class=\"wp-image-24312\" srcset=\"https:\/\/www.elpolitologoyelpolitico.com.ar\/wp-content\/uploads\/2022\/09\/IMG-20220913-WA0007.jpg 720w, https:\/\/www.elpolitologoyelpolitico.com.ar\/wp-content\/uploads\/2022\/09\/IMG-20220913-WA0007-300x222.jpg 300w\" sizes=\"(max-width: 720px) 100vw, 720px\" \/><\/figure>\n\n\n\n<figure class=\"wp-block-image size-large\"><img decoding=\"async\" width=\"720\" height=\"536\" data-id=\"24313\" src=\"https:\/\/www.elpolitologoyelpolitico.com.ar\/wp-content\/uploads\/2022\/09\/IMG-20220913-WA0008.jpg\" alt=\"\" class=\"wp-image-24313\" srcset=\"https:\/\/www.elpolitologoyelpolitico.com.ar\/wp-content\/uploads\/2022\/09\/IMG-20220913-WA0008.jpg 720w, https:\/\/www.elpolitologoyelpolitico.com.ar\/wp-content\/uploads\/2022\/09\/IMG-20220913-WA0008-300x223.jpg 300w\" sizes=\"(max-width: 720px) 100vw, 720px\" \/><\/figure>\n<\/figure>\n<div class=\"fb-background-color\">\n\t\t\t  <div \n\t\t\t  \tclass = \"fb-comments\" \n\t\t\t  \tdata-href = \"https:\/\/www.elpolitologoyelpolitico.com.ar\/wordpress\/2022\/09\/13\/el-intendente-zara-presidio-el-acto-por-los-100-anos-de-jose-benito-casas\/\"\n\t\t\t  \tdata-numposts = \"10\"\n\t\t\t  \tdata-lazy = \"true\"\n\t\t\t\tdata-colorscheme = \"light\"\n\t\t\t\tdata-order-by = \"social\"\n\t\t\t\tdata-mobile=true>\n\t\t\t  <\/div><\/div>\n\t\t  <style>\n\t\t    .fb-background-color {\n\t\t\t\tbackground: #ffffff !important;\n\t\t\t}\n\t\t\t.fb_iframe_widget_fluid_desktop iframe {\n\t\t\t    width: 100% !important;\n\t\t\t}\n\t\t  <\/style>\n\t\t  ","protected":false},"excerpt":{"rendered":"<p>Este lunes, el Intendente Municipal, Ing. Jos\u00e9 Luis Zara, presidi\u00f3 el acto en conmemoraci\u00f3n del 100\u00b0 aniversario de la localidad de Jos\u00e9 Benito Casas. El jefe comunal estuvo acompa\u00f1ado por la Presidente de la Comisi\u00f3n de Fomento, Nabila Vicu\u00f1a, el delegado municipal de Bah\u00eda San Blas, Marcelo Molteni, funcionarios del gabinete municipal, concejales de Juntos, [&hellip;]<\/p>\n","protected":false},"author":4,"featured_media":24310,"comment_status":"closed","ping_status":"closed","sticky":false,"template":"","format":"standard","meta":{"_joinchat":[],"footnotes":""},"categories":[39],"tags":[],"class_list":["post-24309","post","type-post","status-publish","format-standard","has-post-thumbnail","hentry","category-en-esta-seccion"],"_links":{"self":[{"href":"https:\/\/www.elpolitologoyelpolitico.com.ar\/wordpress\/wp-json\/wp\/v2\/posts\/24309","targetHints":{"allow":["GET"]}}],"collection":[{"href":"https:\/\/www.elpolitologoyelpolitico.com.ar\/wordpress\/wp-json\/wp\/v2\/posts"}],"about":[{"href":"https:\/\/www.elpolitologoyelpolitico.com.ar\/wordpress\/wp-json\/wp\/v2\/types\/post"}],"author":[{"embeddable":true,"href":"https:\/\/www.elpolitologoyelpolitico.com.ar\/wordpress\/wp-json\/wp\/v2\/users\/4"}],"replies":[{"embeddable":true,"href":"https:\/\/www.elpolitologoyelpolitico.com.ar\/wordpress\/wp-json\/wp\/v2\/comments?post=24309"}],"version-history":[{"count":0,"href":"https:\/\/www.elpolitologoyelpolitico.com.ar\/wordpress\/wp-json\/wp\/v2\/posts\/24309\/revisions"}],"wp:featuredmedia":[{"embeddable":true,"href":"https:\/\/www.elpolitologoyelpolitico.com.ar\/wordpress\/wp-json\/wp\/v2\/media\/24310"}],"wp:attachment":[{"href":"https:\/\/www.elpolitologoyelpolitico.com.ar\/wordpress\/wp-json\/wp\/v2\/media?parent=24309"}],"wp:term":[{"taxonomy":"category","embeddable":true,"href":"https:\/\/www.elpolitologoyelpolitico.com.ar\/wordpress\/wp-json\/wp\/v2\/categories?post=24309"},{"taxonomy":"post_tag","embeddable":true,"href":"https:\/\/www.elpolitologoyelpolitico.com.ar\/wordpress\/wp-json\/wp\/v2\/tags?post=24309"}],"curies":[{"name":"wp","href":"https:\/\/api.w.org\/{rel}","templated":true}]}}