{"id":24305,"date":"2022-09-13T16:53:58","date_gmt":"2022-09-13T16:53:58","guid":{"rendered":"https:\/\/www.elpolitologoyelpolitico.com.ar\/wordpress\/?p=24305"},"modified":"2022-09-13T16:55:10","modified_gmt":"2022-09-13T16:55:10","slug":"se-viene-el-12o-encuentro-de-arte-infantil-en-el-centro-cultural","status":"publish","type":"post","link":"https:\/\/www.elpolitologoyelpolitico.com.ar\/wordpress\/2022\/09\/13\/se-viene-el-12o-encuentro-de-arte-infantil-en-el-centro-cultural\/","title":{"rendered":"Se viene el 12\u00ba Encuentro de Arte Infantil en el Centro Cultural"},"content":{"rendered":"\n<p>Ma\u00f1ana mi\u00e9rcoles 14 de septiembre desde las 18, con entrada libre y gratuita, se realizar\u00e1 el 12\u00ba Encuentro de Arte Infantil organizado por el gobierno de Viedma.&nbsp;<\/p>\n\n\n\n<p>Este encuentro se llevar\u00e1 adelante en la sala auditorio del Centro Municipal de Cultura y contar\u00e1 con una variet\u00e9 infantil brindada por diferentes instituciones y agrupaciones que trabajan con las infancias en nuestra comunidad.<\/p>\n\n\n\n<p>Durante la jornada tambi\u00e9n estar\u00e1 expuesta una muestra pl\u00e1stica realizada por diversas escuelas primarias en la Sala Biagetti y pasillos del Centro Cultural.<\/p>\n\n\n\n<p>Se invita a toda la comunidad y alumnos\/as de diferentes colegios a ser espectadores de un espect\u00e1culo infantil con la actuaci\u00f3n del Payaso Patu.<\/p>\n\n\n\n<p>Este encuentro es organizado por la Subsecretar\u00eda de Cultura del gobierno de Viedma bajo coordinaci\u00f3n del equipo docente municipal.<\/p>\n<div class=\"fb-background-color\">\n\t\t\t  <div \n\t\t\t  \tclass = \"fb-comments\" \n\t\t\t  \tdata-href = \"https:\/\/www.elpolitologoyelpolitico.com.ar\/wordpress\/2022\/09\/13\/se-viene-el-12o-encuentro-de-arte-infantil-en-el-centro-cultural\/\"\n\t\t\t  \tdata-numposts = \"10\"\n\t\t\t  \tdata-lazy = \"true\"\n\t\t\t\tdata-colorscheme = \"light\"\n\t\t\t\tdata-order-by = \"social\"\n\t\t\t\tdata-mobile=true>\n\t\t\t  <\/div><\/div>\n\t\t  <style>\n\t\t    .fb-background-color {\n\t\t\t\tbackground: #ffffff !important;\n\t\t\t}\n\t\t\t.fb_iframe_widget_fluid_desktop iframe {\n\t\t\t    width: 100% !important;\n\t\t\t}\n\t\t  <\/style>\n\t\t  ","protected":false},"excerpt":{"rendered":"<p>Ma\u00f1ana mi\u00e9rcoles 14 de septiembre desde las 18, con entrada libre y gratuita, se realizar\u00e1 el 12\u00ba Encuentro de Arte Infantil organizado por el gobierno de Viedma.&nbsp; Este encuentro se llevar\u00e1 adelante en la sala auditorio del Centro Municipal de Cultura y contar\u00e1 con una variet\u00e9 infantil brindada por diferentes instituciones y agrupaciones que trabajan [&hellip;]<\/p>\n","protected":false},"author":4,"featured_media":24306,"comment_status":"closed","ping_status":"closed","sticky":false,"template":"","format":"standard","meta":{"_joinchat":[],"footnotes":""},"categories":[39],"tags":[],"class_list":["post-24305","post","type-post","status-publish","format-standard","has-post-thumbnail","hentry","category-en-esta-seccion"],"_links":{"self":[{"href":"https:\/\/www.elpolitologoyelpolitico.com.ar\/wordpress\/wp-json\/wp\/v2\/posts\/24305","targetHints":{"allow":["GET"]}}],"collection":[{"href":"https:\/\/www.elpolitologoyelpolitico.com.ar\/wordpress\/wp-json\/wp\/v2\/posts"}],"about":[{"href":"https:\/\/www.elpolitologoyelpolitico.com.ar\/wordpress\/wp-json\/wp\/v2\/types\/post"}],"author":[{"embeddable":true,"href":"https:\/\/www.elpolitologoyelpolitico.com.ar\/wordpress\/wp-json\/wp\/v2\/users\/4"}],"replies":[{"embeddable":true,"href":"https:\/\/www.elpolitologoyelpolitico.com.ar\/wordpress\/wp-json\/wp\/v2\/comments?post=24305"}],"version-history":[{"count":0,"href":"https:\/\/www.elpolitologoyelpolitico.com.ar\/wordpress\/wp-json\/wp\/v2\/posts\/24305\/revisions"}],"wp:featuredmedia":[{"embeddable":true,"href":"https:\/\/www.elpolitologoyelpolitico.com.ar\/wordpress\/wp-json\/wp\/v2\/media\/24306"}],"wp:attachment":[{"href":"https:\/\/www.elpolitologoyelpolitico.com.ar\/wordpress\/wp-json\/wp\/v2\/media?parent=24305"}],"wp:term":[{"taxonomy":"category","embeddable":true,"href":"https:\/\/www.elpolitologoyelpolitico.com.ar\/wordpress\/wp-json\/wp\/v2\/categories?post=24305"},{"taxonomy":"post_tag","embeddable":true,"href":"https:\/\/www.elpolitologoyelpolitico.com.ar\/wordpress\/wp-json\/wp\/v2\/tags?post=24305"}],"curies":[{"name":"wp","href":"https:\/\/api.w.org\/{rel}","templated":true}]}}