{"id":24301,"date":"2022-09-13T02:42:15","date_gmt":"2022-09-13T02:42:15","guid":{"rendered":"https:\/\/www.elpolitologoyelpolitico.com.ar\/wordpress\/?p=24301"},"modified":"2022-09-13T02:42:45","modified_gmt":"2022-09-13T02:42:45","slug":"inscripciones-abiertas-para-las-escuelas-municipales-de-deportes-de-arena","status":"publish","type":"post","link":"https:\/\/www.elpolitologoyelpolitico.com.ar\/wordpress\/2022\/09\/13\/inscripciones-abiertas-para-las-escuelas-municipales-de-deportes-de-arena\/","title":{"rendered":"Inscripciones abiertas para las Escuelas Municipales de Deportes de Arena"},"content":{"rendered":"\n<p>El gobierno de Viedma abri\u00f3 las inscripciones para participar de las Escuelas Municipales de Deportes de Arena de beach voley, handball y f\u00fatbol.<\/p>\n\n\n\n<p>Las disciplinas est\u00e1n abiertas para ni\u00f1as, ni\u00f1os y adolescentes entre 6 y 17 a\u00f1os, para anotarse deben presentarse de 9 a 12 con fotocopia de DNI en el gimnasio municipal Polideportivo Angel Cayetano Ar\u00edas.<\/p>\n\n\n\n<p>Los d\u00edas y horarios de clases de voley son martes y jueves de 15 a 16.30, para handball los viernes de 15 a 16.30, para f\u00fatbol los lunes de 15 a 16.30 y jueves de 17 a 18.30.<\/p>\n\n\n\n<p><strong>La Liga de Beach V\u00f3ley jug\u00f3 su 2da fecha<\/strong><\/p>\n\n\n\n<p>Este fin de semana se disput\u00f3 la segunda fecha de la Liga de Beach Voley que organiza el gobierno de Viedma a trav\u00e9s del Circuito de Deportes de Arena.&nbsp;<\/p>\n\n\n\n<p>Los partidos se desarrollaron en la cancha de arena municipal al lado del Gimnasio Municipal Anexo, con 16 equipos en las categor\u00edas de Duplas Femeninas y Duplas Masculinas.<\/p>\n\n\n\n<p>En segunda fecha el primer puesto en la categor\u00eda Duplas femeninas fue para Len Alicia\/Ruiz Mariana y en la categor\u00eda Duplas Masculinas el primer lugar fue para Gabriel Guzman \/Alejo Videla.<\/p>\n\n\n\n<p>La tercera fecha de la liga de beach v\u00f3ley se realizar\u00e1 el 1 y 2 de octubre.<\/p>\n\n\n\n<p>Por primera vez el gobierno de Viedma a trav\u00e9s de la Subsecretar\u00eda de Deportes lleva adelante cuatro Ligas de Deportes de Arena: voley, handball, f\u00fatbol y rugby.<\/p>\n<div class=\"fb-background-color\">\n\t\t\t  <div \n\t\t\t  \tclass = \"fb-comments\" \n\t\t\t  \tdata-href = \"https:\/\/www.elpolitologoyelpolitico.com.ar\/wordpress\/2022\/09\/13\/inscripciones-abiertas-para-las-escuelas-municipales-de-deportes-de-arena\/\"\n\t\t\t  \tdata-numposts = \"10\"\n\t\t\t  \tdata-lazy = \"true\"\n\t\t\t\tdata-colorscheme = \"light\"\n\t\t\t\tdata-order-by = \"social\"\n\t\t\t\tdata-mobile=true>\n\t\t\t  <\/div><\/div>\n\t\t  <style>\n\t\t    .fb-background-color {\n\t\t\t\tbackground: #ffffff !important;\n\t\t\t}\n\t\t\t.fb_iframe_widget_fluid_desktop iframe {\n\t\t\t    width: 100% !important;\n\t\t\t}\n\t\t  <\/style>\n\t\t  ","protected":false},"excerpt":{"rendered":"<p>El gobierno de Viedma abri\u00f3 las inscripciones para participar de las Escuelas Municipales de Deportes de Arena de beach voley, handball y f\u00fatbol. Las disciplinas est\u00e1n abiertas para ni\u00f1as, ni\u00f1os y adolescentes entre 6 y 17 a\u00f1os, para anotarse deben presentarse de 9 a 12 con fotocopia de DNI en el gimnasio municipal Polideportivo Angel [&hellip;]<\/p>\n","protected":false},"author":4,"featured_media":24302,"comment_status":"closed","ping_status":"closed","sticky":false,"template":"","format":"standard","meta":{"_joinchat":[],"footnotes":""},"categories":[39],"tags":[],"class_list":["post-24301","post","type-post","status-publish","format-standard","has-post-thumbnail","hentry","category-en-esta-seccion"],"_links":{"self":[{"href":"https:\/\/www.elpolitologoyelpolitico.com.ar\/wordpress\/wp-json\/wp\/v2\/posts\/24301","targetHints":{"allow":["GET"]}}],"collection":[{"href":"https:\/\/www.elpolitologoyelpolitico.com.ar\/wordpress\/wp-json\/wp\/v2\/posts"}],"about":[{"href":"https:\/\/www.elpolitologoyelpolitico.com.ar\/wordpress\/wp-json\/wp\/v2\/types\/post"}],"author":[{"embeddable":true,"href":"https:\/\/www.elpolitologoyelpolitico.com.ar\/wordpress\/wp-json\/wp\/v2\/users\/4"}],"replies":[{"embeddable":true,"href":"https:\/\/www.elpolitologoyelpolitico.com.ar\/wordpress\/wp-json\/wp\/v2\/comments?post=24301"}],"version-history":[{"count":0,"href":"https:\/\/www.elpolitologoyelpolitico.com.ar\/wordpress\/wp-json\/wp\/v2\/posts\/24301\/revisions"}],"wp:featuredmedia":[{"embeddable":true,"href":"https:\/\/www.elpolitologoyelpolitico.com.ar\/wordpress\/wp-json\/wp\/v2\/media\/24302"}],"wp:attachment":[{"href":"https:\/\/www.elpolitologoyelpolitico.com.ar\/wordpress\/wp-json\/wp\/v2\/media?parent=24301"}],"wp:term":[{"taxonomy":"category","embeddable":true,"href":"https:\/\/www.elpolitologoyelpolitico.com.ar\/wordpress\/wp-json\/wp\/v2\/categories?post=24301"},{"taxonomy":"post_tag","embeddable":true,"href":"https:\/\/www.elpolitologoyelpolitico.com.ar\/wordpress\/wp-json\/wp\/v2\/tags?post=24301"}],"curies":[{"name":"wp","href":"https:\/\/api.w.org\/{rel}","templated":true}]}}