{"id":24295,"date":"2022-09-13T02:32:53","date_gmt":"2022-09-13T02:32:53","guid":{"rendered":"https:\/\/www.elpolitologoyelpolitico.com.ar\/wordpress\/?p=24295"},"modified":"2022-09-13T02:33:30","modified_gmt":"2022-09-13T02:33:30","slug":"la-delegacion-rionegrina-llego-a-viedma","status":"publish","type":"post","link":"https:\/\/www.elpolitologoyelpolitico.com.ar\/wordpress\/2022\/09\/13\/la-delegacion-rionegrina-llego-a-viedma\/","title":{"rendered":"La delegaci\u00f3n rionegrina lleg\u00f3 a Viedma"},"content":{"rendered":"\n<p>La gobernadora, Arabela Carreras y la ministra del Ministerio de Turismo y Deporte, Martha V\u00e9lez recibieron a los j\u00f3venes deportistas junto con el equipo de R\u00edo Negro Deporte que ya se encuentran en el suelo rionegrino, luego de su excelente desempe\u00f1o del fin de semana.&nbsp;<\/p>\n\n\n\n<p>Una ma\u00f1ana con mucha alegr\u00eda, emoci\u00f3n y orgullo de nuestros deportistas que demostraron un gran nivel en esta primera edici\u00f3n de los Juegos de la Integraci\u00f3n Patag\u00f3nica.&nbsp;<\/p>\n\n\n\n<p>Con la cosecha de 45 medallas, y el trabajo previo que llev\u00f3 adelante la Secretar\u00eda de Deporte, qued\u00f3 demostrado la calidad deportiva, constancia y el impecable rendimiento de nuestros j\u00f3venes atletas que participaron frente a deportistas de La Pampa, Neuqu\u00e9n, Chubut, Santa Cruz y Tierra del Fuego.<\/p>\n\n\n\n<p>Adem\u00e1s, acompa\u00f1\u00f3 este recibimiento el Ministro de Gobierno y Comunidad de R\u00edo Negro, Rodrigo Buteler junto al subsecretario de Coordinaci\u00f3n y Deporte Federado, Nahuel Astutti quienes se sumaron a celebrar el incre\u00edble momento para R\u00edoNegro que hoy a\u00f1ade otro logro m\u00e1s a su historial deportivo.\u00a0<\/p>\n\n\n\n<figure class=\"wp-block-gallery has-nested-images columns-default is-cropped wp-block-gallery-1 is-layout-flex wp-block-gallery-is-layout-flex\">\n<figure class=\"wp-block-image size-large\"><img fetchpriority=\"high\" decoding=\"async\" width=\"720\" height=\"480\" data-id=\"24297\" src=\"https:\/\/www.elpolitologoyelpolitico.com.ar\/wp-content\/uploads\/2022\/09\/IMG-20220912-WA0023.jpg\" alt=\"\" class=\"wp-image-24297\" srcset=\"https:\/\/www.elpolitologoyelpolitico.com.ar\/wp-content\/uploads\/2022\/09\/IMG-20220912-WA0023.jpg 720w, https:\/\/www.elpolitologoyelpolitico.com.ar\/wp-content\/uploads\/2022\/09\/IMG-20220912-WA0023-300x200.jpg 300w\" sizes=\"(max-width: 720px) 100vw, 720px\" \/><\/figure>\n\n\n\n<figure class=\"wp-block-image size-large\"><img decoding=\"async\" width=\"720\" height=\"480\" data-id=\"24298\" src=\"https:\/\/www.elpolitologoyelpolitico.com.ar\/wp-content\/uploads\/2022\/09\/IMG-20220912-WA0022.jpg\" alt=\"\" class=\"wp-image-24298\" srcset=\"https:\/\/www.elpolitologoyelpolitico.com.ar\/wp-content\/uploads\/2022\/09\/IMG-20220912-WA0022.jpg 720w, https:\/\/www.elpolitologoyelpolitico.com.ar\/wp-content\/uploads\/2022\/09\/IMG-20220912-WA0022-300x200.jpg 300w\" sizes=\"(max-width: 720px) 100vw, 720px\" \/><\/figure>\n<\/figure>\n<div class=\"fb-background-color\">\n\t\t\t  <div \n\t\t\t  \tclass = \"fb-comments\" \n\t\t\t  \tdata-href = \"https:\/\/www.elpolitologoyelpolitico.com.ar\/wordpress\/2022\/09\/13\/la-delegacion-rionegrina-llego-a-viedma\/\"\n\t\t\t  \tdata-numposts = \"10\"\n\t\t\t  \tdata-lazy = \"true\"\n\t\t\t\tdata-colorscheme = \"light\"\n\t\t\t\tdata-order-by = \"social\"\n\t\t\t\tdata-mobile=true>\n\t\t\t  <\/div><\/div>\n\t\t  <style>\n\t\t    .fb-background-color {\n\t\t\t\tbackground: #ffffff !important;\n\t\t\t}\n\t\t\t.fb_iframe_widget_fluid_desktop iframe {\n\t\t\t    width: 100% !important;\n\t\t\t}\n\t\t  <\/style>\n\t\t  ","protected":false},"excerpt":{"rendered":"<p>La gobernadora, Arabela Carreras y la ministra del Ministerio de Turismo y Deporte, Martha V\u00e9lez recibieron a los j\u00f3venes deportistas junto con el equipo de R\u00edo Negro Deporte que ya se encuentran en el suelo rionegrino, luego de su excelente desempe\u00f1o del fin de semana.&nbsp; Una ma\u00f1ana con mucha alegr\u00eda, emoci\u00f3n y orgullo de nuestros [&hellip;]<\/p>\n","protected":false},"author":4,"featured_media":24296,"comment_status":"closed","ping_status":"closed","sticky":false,"template":"","format":"standard","meta":{"_joinchat":[],"footnotes":""},"categories":[39],"tags":[],"class_list":["post-24295","post","type-post","status-publish","format-standard","has-post-thumbnail","hentry","category-en-esta-seccion"],"_links":{"self":[{"href":"https:\/\/www.elpolitologoyelpolitico.com.ar\/wordpress\/wp-json\/wp\/v2\/posts\/24295","targetHints":{"allow":["GET"]}}],"collection":[{"href":"https:\/\/www.elpolitologoyelpolitico.com.ar\/wordpress\/wp-json\/wp\/v2\/posts"}],"about":[{"href":"https:\/\/www.elpolitologoyelpolitico.com.ar\/wordpress\/wp-json\/wp\/v2\/types\/post"}],"author":[{"embeddable":true,"href":"https:\/\/www.elpolitologoyelpolitico.com.ar\/wordpress\/wp-json\/wp\/v2\/users\/4"}],"replies":[{"embeddable":true,"href":"https:\/\/www.elpolitologoyelpolitico.com.ar\/wordpress\/wp-json\/wp\/v2\/comments?post=24295"}],"version-history":[{"count":0,"href":"https:\/\/www.elpolitologoyelpolitico.com.ar\/wordpress\/wp-json\/wp\/v2\/posts\/24295\/revisions"}],"wp:featuredmedia":[{"embeddable":true,"href":"https:\/\/www.elpolitologoyelpolitico.com.ar\/wordpress\/wp-json\/wp\/v2\/media\/24296"}],"wp:attachment":[{"href":"https:\/\/www.elpolitologoyelpolitico.com.ar\/wordpress\/wp-json\/wp\/v2\/media?parent=24295"}],"wp:term":[{"taxonomy":"category","embeddable":true,"href":"https:\/\/www.elpolitologoyelpolitico.com.ar\/wordpress\/wp-json\/wp\/v2\/categories?post=24295"},{"taxonomy":"post_tag","embeddable":true,"href":"https:\/\/www.elpolitologoyelpolitico.com.ar\/wordpress\/wp-json\/wp\/v2\/tags?post=24295"}],"curies":[{"name":"wp","href":"https:\/\/api.w.org\/{rel}","templated":true}]}}