{"id":24290,"date":"2022-09-13T02:18:07","date_gmt":"2022-09-13T02:18:07","guid":{"rendered":"https:\/\/www.elpolitologoyelpolitico.com.ar\/wordpress\/?p=24290"},"modified":"2022-09-13T02:19:04","modified_gmt":"2022-09-13T02:19:04","slug":"el-splif-aportara-20-combatientes-a-los-incendios-de-la-region-del-noa","status":"publish","type":"post","link":"https:\/\/www.elpolitologoyelpolitico.com.ar\/wordpress\/2022\/09\/13\/el-splif-aportara-20-combatientes-a-los-incendios-de-la-region-del-noa\/","title":{"rendered":"El SPLIF aportar\u00e1 20 combatientes a los incendios de la regi\u00f3n del NOA"},"content":{"rendered":"\n<p>Personal del SPLIF, dependiente del Ministerio de Producci\u00f3n y Agroindustria parti\u00f3 hoy para apoyar al equipo que lucha contra el fuego en la zona de Colonia Santa Rosa de la provincia de Salta.<\/p>\n\n\n\n<p>El aporte de combatientes responde a una solicitud del Sistema Federal de Manejo del Fuego, por el requerimiento de recurso humano, para que brinden apoyo en tareas de control en el incendio forestal \u00abReserva Urundel\u00bb.<\/p>\n\n\n\n<p>Los integrantes del SPLIF partieron hoy lunes desde el Aeropuerto de Bariloche, en un vuelo de la Fuerza A\u00e9rea. En total fueron 20 combatientes (13 de Bariloche y 7 de El Bols\u00f3n) quienes son parte de los 50 aportados por la regional Patagonia entre sus distintas jurisdicciones, adem\u00e1s de herramientas manuales.<\/p>\n\n\n\n<p>\u00abR\u00edo Negro, es parte del Sistema Federal de Manejo del Fuego, entonces cuando podemos y nos solicitan colaboramos con otras provincias, organismos e instituciones. Lamentablemente todo el a\u00f1o hay focos en diferentes partes del pa\u00eds y ah\u00ed estamos para trabajar en conjunto y combatir el fuego\u201d, se\u00f1al\u00f3 Marcelo Rey Coordinador General del SPLIF.<\/p>\n\n\n\n<p>El personal combatir\u00e1 los incendios en la regi\u00f3n por 14 d\u00edas, colaborando en m\u00faltiples tareas. Asimismo podr\u00e1n prestar servicios en otras zonas afectadas, como lo es la provincia de Jujuy, si as\u00ed lo requiriere la coordinaci\u00f3n.<\/p>\n\n\n\n<p>En este momento uno de los frentes de fuego m\u00e1s complicados en la provincia de Jujuy ya avanz\u00f3 sobre el Parque Nacional Calilegua cubriendo 4200 hect\u00e1reas, incluyendo un borde del Parque y 1000 hect\u00e1reas de la Reserva de Bi\u00f3sfera de las Yungas juje\u00f1as.<\/p>\n\n\n\n<figure class=\"wp-block-image size-large\"><img fetchpriority=\"high\" decoding=\"async\" width=\"1024\" height=\"656\" src=\"https:\/\/www.elpolitologoyelpolitico.com.ar\/wp-content\/uploads\/2022\/09\/IMG-20220912-WA0019-1024x656.jpg\" alt=\"\" class=\"wp-image-24292\" srcset=\"https:\/\/www.elpolitologoyelpolitico.com.ar\/wp-content\/uploads\/2022\/09\/IMG-20220912-WA0019-1024x656.jpg 1024w, https:\/\/www.elpolitologoyelpolitico.com.ar\/wp-content\/uploads\/2022\/09\/IMG-20220912-WA0019-300x192.jpg 300w, https:\/\/www.elpolitologoyelpolitico.com.ar\/wp-content\/uploads\/2022\/09\/IMG-20220912-WA0019-768x492.jpg 768w, https:\/\/www.elpolitologoyelpolitico.com.ar\/wp-content\/uploads\/2022\/09\/IMG-20220912-WA0019.jpg 1280w\" sizes=\"(max-width: 1024px) 100vw, 1024px\" \/><\/figure>\n<div class=\"fb-background-color\">\n\t\t\t  <div \n\t\t\t  \tclass = \"fb-comments\" \n\t\t\t  \tdata-href = \"https:\/\/www.elpolitologoyelpolitico.com.ar\/wordpress\/2022\/09\/13\/el-splif-aportara-20-combatientes-a-los-incendios-de-la-region-del-noa\/\"\n\t\t\t  \tdata-numposts = \"10\"\n\t\t\t  \tdata-lazy = \"true\"\n\t\t\t\tdata-colorscheme = \"light\"\n\t\t\t\tdata-order-by = \"social\"\n\t\t\t\tdata-mobile=true>\n\t\t\t  <\/div><\/div>\n\t\t  <style>\n\t\t    .fb-background-color {\n\t\t\t\tbackground: #ffffff !important;\n\t\t\t}\n\t\t\t.fb_iframe_widget_fluid_desktop iframe {\n\t\t\t    width: 100% !important;\n\t\t\t}\n\t\t  <\/style>\n\t\t  ","protected":false},"excerpt":{"rendered":"<p>Personal del SPLIF, dependiente del Ministerio de Producci\u00f3n y Agroindustria parti\u00f3 hoy para apoyar al equipo que lucha contra el fuego en la zona de Colonia Santa Rosa de la provincia de Salta. El aporte de combatientes responde a una solicitud del Sistema Federal de Manejo del Fuego, por el requerimiento de recurso humano, para [&hellip;]<\/p>\n","protected":false},"author":4,"featured_media":24291,"comment_status":"closed","ping_status":"closed","sticky":false,"template":"","format":"standard","meta":{"_joinchat":[],"footnotes":""},"categories":[39],"tags":[],"class_list":["post-24290","post","type-post","status-publish","format-standard","has-post-thumbnail","hentry","category-en-esta-seccion"],"_links":{"self":[{"href":"https:\/\/www.elpolitologoyelpolitico.com.ar\/wordpress\/wp-json\/wp\/v2\/posts\/24290","targetHints":{"allow":["GET"]}}],"collection":[{"href":"https:\/\/www.elpolitologoyelpolitico.com.ar\/wordpress\/wp-json\/wp\/v2\/posts"}],"about":[{"href":"https:\/\/www.elpolitologoyelpolitico.com.ar\/wordpress\/wp-json\/wp\/v2\/types\/post"}],"author":[{"embeddable":true,"href":"https:\/\/www.elpolitologoyelpolitico.com.ar\/wordpress\/wp-json\/wp\/v2\/users\/4"}],"replies":[{"embeddable":true,"href":"https:\/\/www.elpolitologoyelpolitico.com.ar\/wordpress\/wp-json\/wp\/v2\/comments?post=24290"}],"version-history":[{"count":0,"href":"https:\/\/www.elpolitologoyelpolitico.com.ar\/wordpress\/wp-json\/wp\/v2\/posts\/24290\/revisions"}],"wp:featuredmedia":[{"embeddable":true,"href":"https:\/\/www.elpolitologoyelpolitico.com.ar\/wordpress\/wp-json\/wp\/v2\/media\/24291"}],"wp:attachment":[{"href":"https:\/\/www.elpolitologoyelpolitico.com.ar\/wordpress\/wp-json\/wp\/v2\/media?parent=24290"}],"wp:term":[{"taxonomy":"category","embeddable":true,"href":"https:\/\/www.elpolitologoyelpolitico.com.ar\/wordpress\/wp-json\/wp\/v2\/categories?post=24290"},{"taxonomy":"post_tag","embeddable":true,"href":"https:\/\/www.elpolitologoyelpolitico.com.ar\/wordpress\/wp-json\/wp\/v2\/tags?post=24290"}],"curies":[{"name":"wp","href":"https:\/\/api.w.org\/{rel}","templated":true}]}}