{"id":24278,"date":"2022-09-12T21:45:06","date_gmt":"2022-09-12T21:45:06","guid":{"rendered":"https:\/\/www.elpolitologoyelpolitico.com.ar\/wordpress\/?p=24278"},"modified":"2022-09-12T21:46:04","modified_gmt":"2022-09-12T21:46:04","slug":"soledad-silveyra-y-veronica-llinas-llegan-a-viedma-con-dos-locas-de-remate","status":"publish","type":"post","link":"https:\/\/www.elpolitologoyelpolitico.com.ar\/wordpress\/2022\/09\/12\/soledad-silveyra-y-veronica-llinas-llegan-a-viedma-con-dos-locas-de-remate\/","title":{"rendered":"Soledad Silveyra Y Ver\u00f3nica Llinas llegan a Viedma con \u201cDos Locas de Remate\u201d"},"content":{"rendered":"\n<p>Este jueves 15 de septiembre desde las 21 en la Sala Mayor del Centro Cultural se presenta la obra teatral \u00abDos Locas de remate\u00bb, protagonizada por las conocidas actrices Soledad Silveyra y Ver\u00f3nica Llinas.<\/p>\n\n\n\n<p>Las entradas pueden adquirirse en Compumusica (Gallardo 180) con un valor establecido en $3500.<\/p>\n\n\n\n<p>Soledad Silveyra Y Ver\u00f3nica Llinas juntas llegan para hacer re\u00edr a la comarca durante 80 minutos. \u00abLa familia sirve para los buenos momentos, para los regulares, para los malos, y para hacer todo aquello que nunca le har\u00edas a un desconocido, por miedo a las consecuencias\u00bb. Esta lac\u00f3nica sentencia es la que sostiene la filosof\u00eda de \u00abDos Locas de remate\u00bb.<\/p>\n\n\n\n<p>La historia narra el reencuentro de dos hermanas que se vuelven a ver las caras despu\u00e9s de 20 a\u00f1os en un duelo divertido y desopilante, donde tendr\u00e1n que superar su pasado para poder tener un futuro, dando lugar a una disparatada tragicomedia que muestra el trasfondo social de las complejas relaciones familiares. \u00abTodos estamos a un paso de la locura\u00bb.<\/p>\n<div class=\"fb-background-color\">\n\t\t\t  <div \n\t\t\t  \tclass = \"fb-comments\" \n\t\t\t  \tdata-href = \"https:\/\/www.elpolitologoyelpolitico.com.ar\/wordpress\/2022\/09\/12\/soledad-silveyra-y-veronica-llinas-llegan-a-viedma-con-dos-locas-de-remate\/\"\n\t\t\t  \tdata-numposts = \"10\"\n\t\t\t  \tdata-lazy = \"true\"\n\t\t\t\tdata-colorscheme = \"light\"\n\t\t\t\tdata-order-by = \"social\"\n\t\t\t\tdata-mobile=true>\n\t\t\t  <\/div><\/div>\n\t\t  <style>\n\t\t    .fb-background-color {\n\t\t\t\tbackground: #ffffff !important;\n\t\t\t}\n\t\t\t.fb_iframe_widget_fluid_desktop iframe {\n\t\t\t    width: 100% !important;\n\t\t\t}\n\t\t  <\/style>\n\t\t  ","protected":false},"excerpt":{"rendered":"<p>Este jueves 15 de septiembre desde las 21 en la Sala Mayor del Centro Cultural se presenta la obra teatral \u00abDos Locas de remate\u00bb, protagonizada por las conocidas actrices Soledad Silveyra y Ver\u00f3nica Llinas. Las entradas pueden adquirirse en Compumusica (Gallardo 180) con un valor establecido en $3500. Soledad Silveyra Y Ver\u00f3nica Llinas juntas llegan [&hellip;]<\/p>\n","protected":false},"author":4,"featured_media":24279,"comment_status":"closed","ping_status":"closed","sticky":false,"template":"","format":"standard","meta":{"_joinchat":[],"footnotes":""},"categories":[39],"tags":[],"class_list":["post-24278","post","type-post","status-publish","format-standard","has-post-thumbnail","hentry","category-en-esta-seccion"],"_links":{"self":[{"href":"https:\/\/www.elpolitologoyelpolitico.com.ar\/wordpress\/wp-json\/wp\/v2\/posts\/24278","targetHints":{"allow":["GET"]}}],"collection":[{"href":"https:\/\/www.elpolitologoyelpolitico.com.ar\/wordpress\/wp-json\/wp\/v2\/posts"}],"about":[{"href":"https:\/\/www.elpolitologoyelpolitico.com.ar\/wordpress\/wp-json\/wp\/v2\/types\/post"}],"author":[{"embeddable":true,"href":"https:\/\/www.elpolitologoyelpolitico.com.ar\/wordpress\/wp-json\/wp\/v2\/users\/4"}],"replies":[{"embeddable":true,"href":"https:\/\/www.elpolitologoyelpolitico.com.ar\/wordpress\/wp-json\/wp\/v2\/comments?post=24278"}],"version-history":[{"count":0,"href":"https:\/\/www.elpolitologoyelpolitico.com.ar\/wordpress\/wp-json\/wp\/v2\/posts\/24278\/revisions"}],"wp:featuredmedia":[{"embeddable":true,"href":"https:\/\/www.elpolitologoyelpolitico.com.ar\/wordpress\/wp-json\/wp\/v2\/media\/24279"}],"wp:attachment":[{"href":"https:\/\/www.elpolitologoyelpolitico.com.ar\/wordpress\/wp-json\/wp\/v2\/media?parent=24278"}],"wp:term":[{"taxonomy":"category","embeddable":true,"href":"https:\/\/www.elpolitologoyelpolitico.com.ar\/wordpress\/wp-json\/wp\/v2\/categories?post=24278"},{"taxonomy":"post_tag","embeddable":true,"href":"https:\/\/www.elpolitologoyelpolitico.com.ar\/wordpress\/wp-json\/wp\/v2\/tags?post=24278"}],"curies":[{"name":"wp","href":"https:\/\/api.w.org\/{rel}","templated":true}]}}