{"id":24270,"date":"2022-09-12T18:38:25","date_gmt":"2022-09-12T18:38:25","guid":{"rendered":"https:\/\/www.elpolitologoyelpolitico.com.ar\/wordpress\/?p=24270"},"modified":"2022-09-12T18:38:58","modified_gmt":"2022-09-12T18:38:58","slug":"exitosa-jornada-de-cortes-gratuitos-de-cabello-en-el-punto-digital","status":"publish","type":"post","link":"https:\/\/www.elpolitologoyelpolitico.com.ar\/wordpress\/2022\/09\/12\/exitosa-jornada-de-cortes-gratuitos-de-cabello-en-el-punto-digital\/","title":{"rendered":"Exitosa Jornada de cortes gratuitos de cabello en el Punto Digital"},"content":{"rendered":"\n<p>Este s\u00e1bado, con una gran concurrencia, se realiz\u00f3 en el barrio Villa Rita la jornada de cortes de cabello, organizada por la Secretar\u00eda de Desarrollo Social y el \u00e1rea de Coordinaci\u00f3n de Programas P\u00fablicos del Interior.&nbsp;<\/p>\n\n\n\n<p>La Asesora de Direcci\u00f3n de Pol\u00edticas Sociales y Acci\u00f3n Comunitaria, Mar\u00eda Del Carmen Alonso, destac\u00f3 la gran participaci\u00f3n de las familias del sector.&nbsp;<\/p>\n\n\n\n<p>La iniciativa, que se realiza en conjunto con Alberto Ottolini, quien presta el servicio, de forma gratuita, junto a un grupo de peluqueros voluntarios, tuvo lugar en el Punto Digital, y fue la segunda jornada que se llev\u00f3 adelante en el barrio.&nbsp;<\/p>\n\n\n\n<p>Cabe destacar que los cortes de cabello se realizan de forma gratuita, a partir de los 7 a\u00f1os, sin l\u00edmite de edad.<\/p>\n\n\n\n<figure class=\"wp-block-gallery has-nested-images columns-default is-cropped wp-block-gallery-1 is-layout-flex wp-block-gallery-is-layout-flex\">\n<figure class=\"wp-block-image size-large\"><img fetchpriority=\"high\" decoding=\"async\" width=\"720\" height=\"540\" data-id=\"24273\" src=\"https:\/\/www.elpolitologoyelpolitico.com.ar\/wp-content\/uploads\/2022\/09\/IMG-20220912-WA0009.jpg\" alt=\"\" class=\"wp-image-24273\" srcset=\"https:\/\/www.elpolitologoyelpolitico.com.ar\/wp-content\/uploads\/2022\/09\/IMG-20220912-WA0009.jpg 720w, https:\/\/www.elpolitologoyelpolitico.com.ar\/wp-content\/uploads\/2022\/09\/IMG-20220912-WA0009-300x225.jpg 300w\" sizes=\"(max-width: 720px) 100vw, 720px\" \/><\/figure>\n\n\n\n<figure class=\"wp-block-image size-large\"><img decoding=\"async\" width=\"720\" height=\"540\" data-id=\"24274\" src=\"https:\/\/www.elpolitologoyelpolitico.com.ar\/wp-content\/uploads\/2022\/09\/IMG-20220912-WA0010.jpg\" alt=\"\" class=\"wp-image-24274\" srcset=\"https:\/\/www.elpolitologoyelpolitico.com.ar\/wp-content\/uploads\/2022\/09\/IMG-20220912-WA0010.jpg 720w, https:\/\/www.elpolitologoyelpolitico.com.ar\/wp-content\/uploads\/2022\/09\/IMG-20220912-WA0010-300x225.jpg 300w\" sizes=\"(max-width: 720px) 100vw, 720px\" \/><\/figure>\n\n\n\n<figure class=\"wp-block-image size-large\"><img decoding=\"async\" width=\"720\" height=\"540\" data-id=\"24275\" src=\"https:\/\/www.elpolitologoyelpolitico.com.ar\/wp-content\/uploads\/2022\/09\/IMG-20220912-WA0011.jpg\" alt=\"\" class=\"wp-image-24275\" srcset=\"https:\/\/www.elpolitologoyelpolitico.com.ar\/wp-content\/uploads\/2022\/09\/IMG-20220912-WA0011.jpg 720w, https:\/\/www.elpolitologoyelpolitico.com.ar\/wp-content\/uploads\/2022\/09\/IMG-20220912-WA0011-300x225.jpg 300w\" sizes=\"(max-width: 720px) 100vw, 720px\" \/><\/figure>\n<\/figure>\n<div class=\"fb-background-color\">\n\t\t\t  <div \n\t\t\t  \tclass = \"fb-comments\" \n\t\t\t  \tdata-href = \"https:\/\/www.elpolitologoyelpolitico.com.ar\/wordpress\/2022\/09\/12\/exitosa-jornada-de-cortes-gratuitos-de-cabello-en-el-punto-digital\/\"\n\t\t\t  \tdata-numposts = \"10\"\n\t\t\t  \tdata-lazy = \"true\"\n\t\t\t\tdata-colorscheme = \"light\"\n\t\t\t\tdata-order-by = \"social\"\n\t\t\t\tdata-mobile=true>\n\t\t\t  <\/div><\/div>\n\t\t  <style>\n\t\t    .fb-background-color {\n\t\t\t\tbackground: #ffffff !important;\n\t\t\t}\n\t\t\t.fb_iframe_widget_fluid_desktop iframe {\n\t\t\t    width: 100% !important;\n\t\t\t}\n\t\t  <\/style>\n\t\t  ","protected":false},"excerpt":{"rendered":"<p>Este s\u00e1bado, con una gran concurrencia, se realiz\u00f3 en el barrio Villa Rita la jornada de cortes de cabello, organizada por la Secretar\u00eda de Desarrollo Social y el \u00e1rea de Coordinaci\u00f3n de Programas P\u00fablicos del Interior.&nbsp; La Asesora de Direcci\u00f3n de Pol\u00edticas Sociales y Acci\u00f3n Comunitaria, Mar\u00eda Del Carmen Alonso, destac\u00f3 la gran participaci\u00f3n de [&hellip;]<\/p>\n","protected":false},"author":4,"featured_media":24272,"comment_status":"closed","ping_status":"closed","sticky":false,"template":"","format":"standard","meta":{"_joinchat":[],"footnotes":""},"categories":[39],"tags":[],"class_list":["post-24270","post","type-post","status-publish","format-standard","has-post-thumbnail","hentry","category-en-esta-seccion"],"_links":{"self":[{"href":"https:\/\/www.elpolitologoyelpolitico.com.ar\/wordpress\/wp-json\/wp\/v2\/posts\/24270","targetHints":{"allow":["GET"]}}],"collection":[{"href":"https:\/\/www.elpolitologoyelpolitico.com.ar\/wordpress\/wp-json\/wp\/v2\/posts"}],"about":[{"href":"https:\/\/www.elpolitologoyelpolitico.com.ar\/wordpress\/wp-json\/wp\/v2\/types\/post"}],"author":[{"embeddable":true,"href":"https:\/\/www.elpolitologoyelpolitico.com.ar\/wordpress\/wp-json\/wp\/v2\/users\/4"}],"replies":[{"embeddable":true,"href":"https:\/\/www.elpolitologoyelpolitico.com.ar\/wordpress\/wp-json\/wp\/v2\/comments?post=24270"}],"version-history":[{"count":0,"href":"https:\/\/www.elpolitologoyelpolitico.com.ar\/wordpress\/wp-json\/wp\/v2\/posts\/24270\/revisions"}],"wp:featuredmedia":[{"embeddable":true,"href":"https:\/\/www.elpolitologoyelpolitico.com.ar\/wordpress\/wp-json\/wp\/v2\/media\/24272"}],"wp:attachment":[{"href":"https:\/\/www.elpolitologoyelpolitico.com.ar\/wordpress\/wp-json\/wp\/v2\/media?parent=24270"}],"wp:term":[{"taxonomy":"category","embeddable":true,"href":"https:\/\/www.elpolitologoyelpolitico.com.ar\/wordpress\/wp-json\/wp\/v2\/categories?post=24270"},{"taxonomy":"post_tag","embeddable":true,"href":"https:\/\/www.elpolitologoyelpolitico.com.ar\/wordpress\/wp-json\/wp\/v2\/tags?post=24270"}],"curies":[{"name":"wp","href":"https:\/\/api.w.org\/{rel}","templated":true}]}}