{"id":24263,"date":"2022-09-12T17:29:14","date_gmt":"2022-09-12T17:29:14","guid":{"rendered":"https:\/\/www.elpolitologoyelpolitico.com.ar\/wordpress\/?p=24263"},"modified":"2022-09-12T17:29:58","modified_gmt":"2022-09-12T17:29:58","slug":"una-red-unica-en-el-pais-comprometida-con-los-mas-grandes","status":"publish","type":"post","link":"https:\/\/www.elpolitologoyelpolitico.com.ar\/wordpress\/2022\/09\/12\/una-red-unica-en-el-pais-comprometida-con-los-mas-grandes\/","title":{"rendered":"UNA RED \u00daNICA EN EL PA\u00cdS, COMPROMETIDA CON LOS M\u00c1S GRANDES"},"content":{"rendered":"\n<p>La RED Rionegrina de la Tercera Juventud siempre se destac\u00f3 por generar con \u00e9xito oportunidades de integraci\u00f3n social para las personas mayores a trav\u00e9s de la recreaci\u00f3n y el turismo accesible, pero ahora tambi\u00e9n se involucra y actua en otras tem\u00e1ticas que afectan a los m\u00e1s grandes.<\/p>\n\n\n\n<p>Con una gran concurrencia, este fin de semana realiz\u00f3 una charla informativa gratuita sobre \u00abEstafas, Violencias y Grooming\u00bb en Villa Regina, la segunda de este tipo, la primera se llev\u00f3 a cabo semanas atr\u00e1s en Viedma.<\/p>\n\n\n\n<p>Articulando con la Justicia y la Comisar\u00eda de la Familia de R\u00edo Negro, la RED logr\u00f3 hacer llegar informaci\u00f3n \u00fatil y de primera mano a un importante n\u00famero de concurrentes, con la intenci\u00f3n de visualizar y prevenir estas problem\u00e1ticas.<\/p>\n\n\n\n<figure class=\"wp-block-gallery has-nested-images columns-default is-cropped wp-block-gallery-1 is-layout-flex wp-block-gallery-is-layout-flex\">\n<figure class=\"wp-block-image size-large\"><img fetchpriority=\"high\" decoding=\"async\" width=\"1024\" height=\"683\" data-id=\"24266\" src=\"https:\/\/www.elpolitologoyelpolitico.com.ar\/wp-content\/uploads\/2022\/09\/IMG-20220912-WA0006-1024x683.jpg\" alt=\"\" class=\"wp-image-24266\" srcset=\"https:\/\/www.elpolitologoyelpolitico.com.ar\/wp-content\/uploads\/2022\/09\/IMG-20220912-WA0006-1024x683.jpg 1024w, https:\/\/www.elpolitologoyelpolitico.com.ar\/wp-content\/uploads\/2022\/09\/IMG-20220912-WA0006-300x200.jpg 300w, https:\/\/www.elpolitologoyelpolitico.com.ar\/wp-content\/uploads\/2022\/09\/IMG-20220912-WA0006-768x512.jpg 768w, https:\/\/www.elpolitologoyelpolitico.com.ar\/wp-content\/uploads\/2022\/09\/IMG-20220912-WA0006-1536x1024.jpg 1536w, https:\/\/www.elpolitologoyelpolitico.com.ar\/wp-content\/uploads\/2022\/09\/IMG-20220912-WA0006.jpg 1599w\" sizes=\"(max-width: 1024px) 100vw, 1024px\" \/><\/figure>\n\n\n\n<figure class=\"wp-block-image size-large\"><img decoding=\"async\" width=\"1024\" height=\"496\" data-id=\"24265\" src=\"https:\/\/www.elpolitologoyelpolitico.com.ar\/wp-content\/uploads\/2022\/09\/IMG-20220912-WA0005-1024x496.jpg\" alt=\"\" class=\"wp-image-24265\" srcset=\"https:\/\/www.elpolitologoyelpolitico.com.ar\/wp-content\/uploads\/2022\/09\/IMG-20220912-WA0005-1024x496.jpg 1024w, https:\/\/www.elpolitologoyelpolitico.com.ar\/wp-content\/uploads\/2022\/09\/IMG-20220912-WA0005-300x145.jpg 300w, https:\/\/www.elpolitologoyelpolitico.com.ar\/wp-content\/uploads\/2022\/09\/IMG-20220912-WA0005-768x372.jpg 768w, https:\/\/www.elpolitologoyelpolitico.com.ar\/wp-content\/uploads\/2022\/09\/IMG-20220912-WA0005-1536x744.jpg 1536w, https:\/\/www.elpolitologoyelpolitico.com.ar\/wp-content\/uploads\/2022\/09\/IMG-20220912-WA0005.jpg 1600w\" sizes=\"(max-width: 1024px) 100vw, 1024px\" \/><\/figure>\n<\/figure>\n\n\n\n<p><strong>Las disertaciones estuvieron a cargo de:&nbsp;<\/strong><\/p>\n\n\n\n<p><strong>\u00abEstafas\u00bb<\/strong><\/p>\n\n\n\n<p><strong>Dra Vanesa Cascallares <\/strong>\u2013 Fiscal Villa Regina<\/p>\n\n\n\n<p><strong>Dra Graciela Echegaray <\/strong>\u2013 Fiscal Jefe \u2013 2da Circunscripci\u00f3n Judicial<\/p>\n\n\n\n<p>Ministerio P\u00fablico de R\u00edo Negro<\/p>\n\n\n\n<p><strong>\u201cViolencias y Grooming\u201d<\/strong><\/p>\n\n\n\n<p><strong>Dra. Roxana Zapata<\/strong><\/p>\n\n\n\n<p>Lic. en Producci\u00f3n de Medios de Comunicaci\u00f3n&nbsp;<\/p>\n\n\n\n<p><strong>Anah\u00ed Lara<\/strong><\/p>\n\n\n\n<p>\u00c1rea de Prevenci\u00f3n y Capacitaci\u00f3n de la Comisar\u00eda de la Familia de Villa Regina<\/p>\n\n\n\n<p>La RED pretende que este tipo de charlas generen la posibilidad de brindar herramientas a los sectores m\u00e1s vulnerables y afectados por estos temas y que adem\u00e1s se sumen a las tareas comunitarias que ya realizan hace muchos a\u00f1os. Este reconocido movimiento social inform\u00f3 que ya tienen pedidos formales de diferentes localidades rionegrinas para presentar nuevamente esta charla informativa para personas mayores, en los pr\u00f3ximos meses.<\/p>\n\n\n\n<figure class=\"wp-block-image size-large\"><img decoding=\"async\" width=\"1024\" height=\"683\" src=\"https:\/\/www.elpolitologoyelpolitico.com.ar\/wp-content\/uploads\/2022\/09\/IMG-20220912-WA0007-1024x683.jpg\" alt=\"\" class=\"wp-image-24267\" srcset=\"https:\/\/www.elpolitologoyelpolitico.com.ar\/wp-content\/uploads\/2022\/09\/IMG-20220912-WA0007-1024x683.jpg 1024w, https:\/\/www.elpolitologoyelpolitico.com.ar\/wp-content\/uploads\/2022\/09\/IMG-20220912-WA0007-300x200.jpg 300w, https:\/\/www.elpolitologoyelpolitico.com.ar\/wp-content\/uploads\/2022\/09\/IMG-20220912-WA0007-768x512.jpg 768w, https:\/\/www.elpolitologoyelpolitico.com.ar\/wp-content\/uploads\/2022\/09\/IMG-20220912-WA0007-1536x1024.jpg 1536w, https:\/\/www.elpolitologoyelpolitico.com.ar\/wp-content\/uploads\/2022\/09\/IMG-20220912-WA0007.jpg 1599w\" sizes=\"(max-width: 1024px) 100vw, 1024px\" \/><\/figure>\n<div class=\"fb-background-color\">\n\t\t\t  <div \n\t\t\t  \tclass = \"fb-comments\" \n\t\t\t  \tdata-href = \"https:\/\/www.elpolitologoyelpolitico.com.ar\/wordpress\/2022\/09\/12\/una-red-unica-en-el-pais-comprometida-con-los-mas-grandes\/\"\n\t\t\t  \tdata-numposts = \"10\"\n\t\t\t  \tdata-lazy = \"true\"\n\t\t\t\tdata-colorscheme = \"light\"\n\t\t\t\tdata-order-by = \"social\"\n\t\t\t\tdata-mobile=true>\n\t\t\t  <\/div><\/div>\n\t\t  <style>\n\t\t    .fb-background-color {\n\t\t\t\tbackground: #ffffff !important;\n\t\t\t}\n\t\t\t.fb_iframe_widget_fluid_desktop iframe {\n\t\t\t    width: 100% !important;\n\t\t\t}\n\t\t  <\/style>\n\t\t  ","protected":false},"excerpt":{"rendered":"<p>La RED Rionegrina de la Tercera Juventud siempre se destac\u00f3 por generar con \u00e9xito oportunidades de integraci\u00f3n social para las personas mayores a trav\u00e9s de la recreaci\u00f3n y el turismo accesible, pero ahora tambi\u00e9n se involucra y actua en otras tem\u00e1ticas que afectan a los m\u00e1s grandes. Con una gran concurrencia, este fin de semana [&hellip;]<\/p>\n","protected":false},"author":4,"featured_media":24264,"comment_status":"closed","ping_status":"closed","sticky":false,"template":"","format":"standard","meta":{"_joinchat":[],"footnotes":""},"categories":[39],"tags":[],"class_list":["post-24263","post","type-post","status-publish","format-standard","has-post-thumbnail","hentry","category-en-esta-seccion"],"_links":{"self":[{"href":"https:\/\/www.elpolitologoyelpolitico.com.ar\/wordpress\/wp-json\/wp\/v2\/posts\/24263","targetHints":{"allow":["GET"]}}],"collection":[{"href":"https:\/\/www.elpolitologoyelpolitico.com.ar\/wordpress\/wp-json\/wp\/v2\/posts"}],"about":[{"href":"https:\/\/www.elpolitologoyelpolitico.com.ar\/wordpress\/wp-json\/wp\/v2\/types\/post"}],"author":[{"embeddable":true,"href":"https:\/\/www.elpolitologoyelpolitico.com.ar\/wordpress\/wp-json\/wp\/v2\/users\/4"}],"replies":[{"embeddable":true,"href":"https:\/\/www.elpolitologoyelpolitico.com.ar\/wordpress\/wp-json\/wp\/v2\/comments?post=24263"}],"version-history":[{"count":0,"href":"https:\/\/www.elpolitologoyelpolitico.com.ar\/wordpress\/wp-json\/wp\/v2\/posts\/24263\/revisions"}],"wp:featuredmedia":[{"embeddable":true,"href":"https:\/\/www.elpolitologoyelpolitico.com.ar\/wordpress\/wp-json\/wp\/v2\/media\/24264"}],"wp:attachment":[{"href":"https:\/\/www.elpolitologoyelpolitico.com.ar\/wordpress\/wp-json\/wp\/v2\/media?parent=24263"}],"wp:term":[{"taxonomy":"category","embeddable":true,"href":"https:\/\/www.elpolitologoyelpolitico.com.ar\/wordpress\/wp-json\/wp\/v2\/categories?post=24263"},{"taxonomy":"post_tag","embeddable":true,"href":"https:\/\/www.elpolitologoyelpolitico.com.ar\/wordpress\/wp-json\/wp\/v2\/tags?post=24263"}],"curies":[{"name":"wp","href":"https:\/\/api.w.org\/{rel}","templated":true}]}}