{"id":2425,"date":"2021-04-30T17:04:36","date_gmt":"2021-04-30T17:04:36","guid":{"rendered":"https:\/\/www.elpolitologoyelpolitico.com.ar\/wordpress\/?p=2425"},"modified":"2021-04-30T17:32:27","modified_gmt":"2021-04-30T17:32:27","slug":"zara-hizo-entrega-de-las-actas-de-posesion-del-terreno-a-adjudicatarios-del-programa-un-lote-una-vivienda","status":"publish","type":"post","link":"https:\/\/www.elpolitologoyelpolitico.com.ar\/wordpress\/2021\/04\/30\/zara-hizo-entrega-de-las-actas-de-posesion-del-terreno-a-adjudicatarios-del-programa-un-lote-una-vivienda\/","title":{"rendered":"Zara hizo entrega de las actas de posesi\u00f3n del terreno a adjudicatarios del programa \u201cUn Lote, Una Vivienda\u201d"},"content":{"rendered":"\t\t<div data-elementor-type=\"wp-post\" data-elementor-id=\"2425\" class=\"elementor elementor-2425\">\n\t\t\t\t\t\t<section class=\"elementor-section elementor-top-section elementor-element elementor-element-8f08d29 elementor-section-boxed elementor-section-height-default elementor-section-height-default\" data-id=\"8f08d29\" data-element_type=\"section\" data-e-type=\"section\">\n\t\t\t\t\t\t<div class=\"elementor-container elementor-column-gap-default\">\n\t\t\t\t\t<div class=\"elementor-column elementor-col-100 elementor-top-column elementor-element elementor-element-25cc89a9\" data-id=\"25cc89a9\" data-element_type=\"column\" data-e-type=\"column\">\n\t\t\t<div class=\"elementor-widget-wrap elementor-element-populated\">\n\t\t\t\t\t\t<div class=\"elementor-element elementor-element-425c530 elementor-widget elementor-widget-text-editor\" data-id=\"425c530\" data-element_type=\"widget\" data-e-type=\"widget\" data-widget_type=\"text-editor.default\">\n\t\t\t\t<div class=\"elementor-widget-container\">\n\t\t\t\t\t\t\t\t\t\n<p>El Intendente, Ing. Jos\u00e9 Luis Zara, llev\u00f3 a cabo en su despacho, la entrega de las actas de posesi\u00f3n&nbsp; de terrenos a quienes ya son adjudicatarios del Programa \u201cUn Lote, Una Vivienda\u201d, las cuales permite a dichas familias iniciar con los procesos de construcci\u00f3n.<\/p>\n\n\n\n<p>Participaron de la misma, el Jefe de Gabinete y Coordinador municipal, Fabio Bettinelli,&nbsp; la Coordinadora de Desarrollo y H\u00e1bitat, Alicia Ludue\u00f1a,&nbsp; el Presidente del Honorable Concejo Deliberante, Prof. Julio Costantino y beneficiarios de dicho programa.<\/p>\n\n\n\n<p>Por su parte, los adjudicatarios destacaron las gestiones realizadas por el Intendente Zara, por la posibilidad de acceder a un lote propio, contando, adem\u00e1s, con la infraestructura correspondiente.<\/p>\n\n\n\n<p>Es importante mencionar que, dicho Programa beneficia a muchas familias de todo el distrito, acerc\u00e1ndoles una soluci\u00f3n habitacional.<\/p>\n\t\t\t\t\t\t\t\t<\/div>\n\t\t\t\t<\/div>\n\t\t\t\t\t<\/div>\n\t\t<\/div>\n\t\t\t\t\t<\/div>\n\t\t<\/section>\n\t\t\t\t<section class=\"elementor-section elementor-top-section elementor-element elementor-element-5c877ea elementor-section-boxed elementor-section-height-default elementor-section-height-default\" data-id=\"5c877ea\" data-element_type=\"section\" data-e-type=\"section\">\n\t\t\t\t\t\t<div class=\"elementor-container elementor-column-gap-default\">\n\t\t\t\t\t<div class=\"elementor-column elementor-col-100 elementor-top-column elementor-element elementor-element-cf08b19\" data-id=\"cf08b19\" data-element_type=\"column\" data-e-type=\"column\">\n\t\t\t<div class=\"elementor-widget-wrap elementor-element-populated\">\n\t\t\t\t\t\t<div class=\"elementor-element elementor-element-11105f0 elementor-widget elementor-widget-image\" data-id=\"11105f0\" data-element_type=\"widget\" data-e-type=\"widget\" data-widget_type=\"image.default\">\n\t\t\t\t<div class=\"elementor-widget-container\">\n\t\t\t\t\t\t\t\t\t\t\t\t\t\t\t<img fetchpriority=\"high\" decoding=\"async\" width=\"640\" height=\"426\" src=\"https:\/\/www.elpolitologoyelpolitico.com.ar\/wp-content\/uploads\/2021\/04\/WhatsApp-Image-2021-04-30-at-2.07.06-PM-1024x682.jpeg\" class=\"attachment-large size-large wp-image-2431\" alt=\"\" srcset=\"https:\/\/www.elpolitologoyelpolitico.com.ar\/wp-content\/uploads\/2021\/04\/WhatsApp-Image-2021-04-30-at-2.07.06-PM-1024x682.jpeg 1024w, https:\/\/www.elpolitologoyelpolitico.com.ar\/wp-content\/uploads\/2021\/04\/WhatsApp-Image-2021-04-30-at-2.07.06-PM-300x200.jpeg 300w, https:\/\/www.elpolitologoyelpolitico.com.ar\/wp-content\/uploads\/2021\/04\/WhatsApp-Image-2021-04-30-at-2.07.06-PM-768x512.jpeg 768w, https:\/\/www.elpolitologoyelpolitico.com.ar\/wp-content\/uploads\/2021\/04\/WhatsApp-Image-2021-04-30-at-2.07.06-PM.jpeg 1280w\" sizes=\"(max-width: 640px) 100vw, 640px\" \/>\t\t\t\t\t\t\t\t\t\t\t\t\t\t\t<\/div>\n\t\t\t\t<\/div>\n\t\t\t\t\t<\/div>\n\t\t<\/div>\n\t\t\t\t\t<\/div>\n\t\t<\/section>\n\t\t\t\t<section class=\"elementor-section elementor-top-section elementor-element elementor-element-59c3e57 elementor-section-boxed elementor-section-height-default elementor-section-height-default\" data-id=\"59c3e57\" data-element_type=\"section\" data-e-type=\"section\">\n\t\t\t\t\t\t<div class=\"elementor-container elementor-column-gap-default\">\n\t\t\t\t\t<div class=\"elementor-column elementor-col-100 elementor-top-column elementor-element elementor-element-5a29ad1\" data-id=\"5a29ad1\" data-element_type=\"column\" data-e-type=\"column\">\n\t\t\t<div class=\"elementor-widget-wrap elementor-element-populated\">\n\t\t\t\t\t\t<div class=\"elementor-element elementor-element-2c4e205 elementor-widget elementor-widget-image\" data-id=\"2c4e205\" data-element_type=\"widget\" data-e-type=\"widget\" data-widget_type=\"image.default\">\n\t\t\t\t<div class=\"elementor-widget-container\">\n\t\t\t\t\t\t\t\t\t\t\t\t\t\t\t<img decoding=\"async\" width=\"640\" height=\"426\" src=\"https:\/\/www.elpolitologoyelpolitico.com.ar\/wp-content\/uploads\/2021\/04\/WhatsApp-Image-2021-04-30-at-2.06.32-PM-1024x682.jpeg\" class=\"attachment-large size-large wp-image-2432\" alt=\"\" srcset=\"https:\/\/www.elpolitologoyelpolitico.com.ar\/wp-content\/uploads\/2021\/04\/WhatsApp-Image-2021-04-30-at-2.06.32-PM-1024x682.jpeg 1024w, https:\/\/www.elpolitologoyelpolitico.com.ar\/wp-content\/uploads\/2021\/04\/WhatsApp-Image-2021-04-30-at-2.06.32-PM-300x200.jpeg 300w, https:\/\/www.elpolitologoyelpolitico.com.ar\/wp-content\/uploads\/2021\/04\/WhatsApp-Image-2021-04-30-at-2.06.32-PM-768x512.jpeg 768w, https:\/\/www.elpolitologoyelpolitico.com.ar\/wp-content\/uploads\/2021\/04\/WhatsApp-Image-2021-04-30-at-2.06.32-PM.jpeg 1280w\" sizes=\"(max-width: 640px) 100vw, 640px\" \/>\t\t\t\t\t\t\t\t\t\t\t\t\t\t\t<\/div>\n\t\t\t\t<\/div>\n\t\t\t\t\t<\/div>\n\t\t<\/div>\n\t\t\t\t\t<\/div>\n\t\t<\/section>\n\t\t\t\t<\/div>\n\t\t<div class=\"fb-background-color\">\n\t\t\t  <div \n\t\t\t  \tclass = \"fb-comments\" \n\t\t\t  \tdata-href = \"https:\/\/www.elpolitologoyelpolitico.com.ar\/wordpress\/2021\/04\/30\/zara-hizo-entrega-de-las-actas-de-posesion-del-terreno-a-adjudicatarios-del-programa-un-lote-una-vivienda\/\"\n\t\t\t  \tdata-numposts = \"10\"\n\t\t\t  \tdata-lazy = \"true\"\n\t\t\t\tdata-colorscheme = \"light\"\n\t\t\t\tdata-order-by = \"social\"\n\t\t\t\tdata-mobile=true>\n\t\t\t  <\/div><\/div>\n\t\t  <style>\n\t\t    .fb-background-color {\n\t\t\t\tbackground: #ffffff !important;\n\t\t\t}\n\t\t\t.fb_iframe_widget_fluid_desktop iframe {\n\t\t\t    width: 100% !important;\n\t\t\t}\n\t\t  <\/style>\n\t\t  ","protected":false},"excerpt":{"rendered":"<p>El Intendente, Ing. Jos\u00e9 Luis Zara, llev\u00f3 a cabo en su despacho, la entrega de las actas de posesi\u00f3n&nbsp; de terrenos a quienes ya son adjudicatarios del Programa \u201cUn Lote, Una Vivienda\u201d, las cuales permite a dichas familias iniciar con los procesos de construcci\u00f3n. Participaron de la misma, el Jefe de Gabinete y Coordinador municipal, [&hellip;]<\/p>\n","protected":false},"author":4,"featured_media":2426,"comment_status":"closed","ping_status":"closed","sticky":false,"template":"","format":"standard","meta":{"_joinchat":[],"footnotes":""},"categories":[4],"tags":[],"class_list":["post-2425","post","type-post","status-publish","format-standard","has-post-thumbnail","hentry","category-politicas-publicas"],"_links":{"self":[{"href":"https:\/\/www.elpolitologoyelpolitico.com.ar\/wordpress\/wp-json\/wp\/v2\/posts\/2425","targetHints":{"allow":["GET"]}}],"collection":[{"href":"https:\/\/www.elpolitologoyelpolitico.com.ar\/wordpress\/wp-json\/wp\/v2\/posts"}],"about":[{"href":"https:\/\/www.elpolitologoyelpolitico.com.ar\/wordpress\/wp-json\/wp\/v2\/types\/post"}],"author":[{"embeddable":true,"href":"https:\/\/www.elpolitologoyelpolitico.com.ar\/wordpress\/wp-json\/wp\/v2\/users\/4"}],"replies":[{"embeddable":true,"href":"https:\/\/www.elpolitologoyelpolitico.com.ar\/wordpress\/wp-json\/wp\/v2\/comments?post=2425"}],"version-history":[{"count":0,"href":"https:\/\/www.elpolitologoyelpolitico.com.ar\/wordpress\/wp-json\/wp\/v2\/posts\/2425\/revisions"}],"wp:featuredmedia":[{"embeddable":true,"href":"https:\/\/www.elpolitologoyelpolitico.com.ar\/wordpress\/wp-json\/wp\/v2\/media\/2426"}],"wp:attachment":[{"href":"https:\/\/www.elpolitologoyelpolitico.com.ar\/wordpress\/wp-json\/wp\/v2\/media?parent=2425"}],"wp:term":[{"taxonomy":"category","embeddable":true,"href":"https:\/\/www.elpolitologoyelpolitico.com.ar\/wordpress\/wp-json\/wp\/v2\/categories?post=2425"},{"taxonomy":"post_tag","embeddable":true,"href":"https:\/\/www.elpolitologoyelpolitico.com.ar\/wordpress\/wp-json\/wp\/v2\/tags?post=2425"}],"curies":[{"name":"wp","href":"https:\/\/api.w.org\/{rel}","templated":true}]}}