{"id":24241,"date":"2022-09-10T17:38:59","date_gmt":"2022-09-10T17:38:59","guid":{"rendered":"https:\/\/www.elpolitologoyelpolitico.com.ar\/wordpress\/?p=24241"},"modified":"2022-09-10T17:40:29","modified_gmt":"2022-09-10T17:40:29","slug":"mas-de-32-toneladas-del-vidrio-salieron-de-la-planta-de-reciclado-del-girsu-en-viedma","status":"publish","type":"post","link":"https:\/\/www.elpolitologoyelpolitico.com.ar\/wordpress\/2022\/09\/10\/mas-de-32-toneladas-del-vidrio-salieron-de-la-planta-de-reciclado-del-girsu-en-viedma\/","title":{"rendered":"M\u00e1s de 32 toneladas del vidrio salieron de la Planta de Reciclado del GIRSU en Viedma"},"content":{"rendered":"\n<p>El GIRSU sigue trabajando en Viedma, Patagones y San Javier.<\/p>\n\n\n\n<p>\u00abEnviamos 30220kgs de vidrio para su reprocesamiento, a la provincia de Mendoza. Con este env\u00edo superamos las 800tns en total, marcando un nuevo hito en la Comarca\u00bb se\u00f1al\u00f3 Gast\u00f3n Guti\u00e9rrez, Gerente General.<\/p>\n\n\n\n<p>El Centro Ambiental Patag\u00f3nico GIRSU ya es considerado un Proyecto y una Planta Modelo en toda Argentina junto con la Coop CoTraNVi gracias a la co-gestion llevada adelante, y as\u00ed lo se\u00f1alaron d\u00edas atr\u00e1s en su visita el Ministerio de Ambiente y Desarrollo Sostenible, junto con el Ministerio de Desarrollo Social de la Naci\u00f3n.<\/p>\n\n\n\n<figure class=\"wp-block-image size-large is-resized\"><img fetchpriority=\"high\" decoding=\"async\" src=\"https:\/\/www.elpolitologoyelpolitico.com.ar\/wp-content\/uploads\/2022\/09\/IMG-20220910-WA0014-1024x576.jpg\" alt=\"\" class=\"wp-image-24243\" width=\"672\" height=\"378\" srcset=\"https:\/\/www.elpolitologoyelpolitico.com.ar\/wp-content\/uploads\/2022\/09\/IMG-20220910-WA0014-1024x576.jpg 1024w, https:\/\/www.elpolitologoyelpolitico.com.ar\/wp-content\/uploads\/2022\/09\/IMG-20220910-WA0014-300x169.jpg 300w, https:\/\/www.elpolitologoyelpolitico.com.ar\/wp-content\/uploads\/2022\/09\/IMG-20220910-WA0014-768x432.jpg 768w, https:\/\/www.elpolitologoyelpolitico.com.ar\/wp-content\/uploads\/2022\/09\/IMG-20220910-WA0014.jpg 1280w\" sizes=\"(max-width: 672px) 100vw, 672px\" \/><\/figure>\n<div class=\"fb-background-color\">\n\t\t\t  <div \n\t\t\t  \tclass = \"fb-comments\" \n\t\t\t  \tdata-href = \"https:\/\/www.elpolitologoyelpolitico.com.ar\/wordpress\/2022\/09\/10\/mas-de-32-toneladas-del-vidrio-salieron-de-la-planta-de-reciclado-del-girsu-en-viedma\/\"\n\t\t\t  \tdata-numposts = \"10\"\n\t\t\t  \tdata-lazy = \"true\"\n\t\t\t\tdata-colorscheme = \"light\"\n\t\t\t\tdata-order-by = \"social\"\n\t\t\t\tdata-mobile=true>\n\t\t\t  <\/div><\/div>\n\t\t  <style>\n\t\t    .fb-background-color {\n\t\t\t\tbackground: #ffffff !important;\n\t\t\t}\n\t\t\t.fb_iframe_widget_fluid_desktop iframe {\n\t\t\t    width: 100% !important;\n\t\t\t}\n\t\t  <\/style>\n\t\t  ","protected":false},"excerpt":{"rendered":"<p>El GIRSU sigue trabajando en Viedma, Patagones y San Javier. \u00abEnviamos 30220kgs de vidrio para su reprocesamiento, a la provincia de Mendoza. Con este env\u00edo superamos las 800tns en total, marcando un nuevo hito en la Comarca\u00bb se\u00f1al\u00f3 Gast\u00f3n Guti\u00e9rrez, Gerente General. El Centro Ambiental Patag\u00f3nico GIRSU ya es considerado un Proyecto y una Planta [&hellip;]<\/p>\n","protected":false},"author":4,"featured_media":24242,"comment_status":"closed","ping_status":"closed","sticky":false,"template":"","format":"standard","meta":{"_joinchat":[],"footnotes":""},"categories":[4],"tags":[],"class_list":["post-24241","post","type-post","status-publish","format-standard","has-post-thumbnail","hentry","category-politicas-publicas"],"_links":{"self":[{"href":"https:\/\/www.elpolitologoyelpolitico.com.ar\/wordpress\/wp-json\/wp\/v2\/posts\/24241","targetHints":{"allow":["GET"]}}],"collection":[{"href":"https:\/\/www.elpolitologoyelpolitico.com.ar\/wordpress\/wp-json\/wp\/v2\/posts"}],"about":[{"href":"https:\/\/www.elpolitologoyelpolitico.com.ar\/wordpress\/wp-json\/wp\/v2\/types\/post"}],"author":[{"embeddable":true,"href":"https:\/\/www.elpolitologoyelpolitico.com.ar\/wordpress\/wp-json\/wp\/v2\/users\/4"}],"replies":[{"embeddable":true,"href":"https:\/\/www.elpolitologoyelpolitico.com.ar\/wordpress\/wp-json\/wp\/v2\/comments?post=24241"}],"version-history":[{"count":0,"href":"https:\/\/www.elpolitologoyelpolitico.com.ar\/wordpress\/wp-json\/wp\/v2\/posts\/24241\/revisions"}],"wp:featuredmedia":[{"embeddable":true,"href":"https:\/\/www.elpolitologoyelpolitico.com.ar\/wordpress\/wp-json\/wp\/v2\/media\/24242"}],"wp:attachment":[{"href":"https:\/\/www.elpolitologoyelpolitico.com.ar\/wordpress\/wp-json\/wp\/v2\/media?parent=24241"}],"wp:term":[{"taxonomy":"category","embeddable":true,"href":"https:\/\/www.elpolitologoyelpolitico.com.ar\/wordpress\/wp-json\/wp\/v2\/categories?post=24241"},{"taxonomy":"post_tag","embeddable":true,"href":"https:\/\/www.elpolitologoyelpolitico.com.ar\/wordpress\/wp-json\/wp\/v2\/tags?post=24241"}],"curies":[{"name":"wp","href":"https:\/\/api.w.org\/{rel}","templated":true}]}}