{"id":24196,"date":"2022-09-08T21:26:08","date_gmt":"2022-09-08T21:26:08","guid":{"rendered":"https:\/\/www.elpolitologoyelpolitico.com.ar\/wordpress\/?p=24196"},"modified":"2022-09-08T21:27:10","modified_gmt":"2022-09-08T21:27:10","slug":"continua-abierta-la-muestra-fotografica-de-pucheros-el-fotografo-del-pueblo","status":"publish","type":"post","link":"https:\/\/www.elpolitologoyelpolitico.com.ar\/wordpress\/2022\/09\/08\/continua-abierta-la-muestra-fotografica-de-pucheros-el-fotografo-del-pueblo\/","title":{"rendered":"CONTIN\u00daA ABIERTA LA MUESTRA FOTOGR\u00c1FICA DE PUCHERO&#8217;S,&nbsp; \u00abEL FOT\u00d3GRAFO DEL PUEBLO\u201d"},"content":{"rendered":"\n<p>Hasta el 14 de septiembre permanecer\u00e1 abierta en el Centro Municipal de Cultura la muestra fotogr\u00e1fica en homenaje al reconocido fot\u00f3grafo de la Comarca Miguel \u00c1ngel Cornou, conocido por su apodo \u201cPuchero&#8217;s\u201d.<\/p>\n\n\n\n<p>La exposici\u00f3n cuenta con m\u00e1s de 150 fotos in\u00e9ditas, que retratan diferentes momentos de la vida social y cultural de la Comarca en las diferentes d\u00e9cadas en las que Puchero&#8217;s desarroll\u00f3 su afici\u00f3n.<\/p>\n\n\n\n<p>Se invita a vecinas y vecinos que concurran a visitar la muestra, donar un alimento no perecedero que ser\u00e1 entregado a un comedor comunitario.<\/p>\n\n\n\n<figure class=\"wp-block-gallery has-nested-images columns-default is-cropped wp-block-gallery-1 is-layout-flex wp-block-gallery-is-layout-flex\">\n<figure class=\"wp-block-image size-large\"><img fetchpriority=\"high\" decoding=\"async\" width=\"720\" height=\"480\" data-id=\"24198\" src=\"https:\/\/www.elpolitologoyelpolitico.com.ar\/wp-content\/uploads\/2022\/09\/IMG-20220908-WA0033.jpg\" alt=\"\" class=\"wp-image-24198\" srcset=\"https:\/\/www.elpolitologoyelpolitico.com.ar\/wp-content\/uploads\/2022\/09\/IMG-20220908-WA0033.jpg 720w, https:\/\/www.elpolitologoyelpolitico.com.ar\/wp-content\/uploads\/2022\/09\/IMG-20220908-WA0033-300x200.jpg 300w\" sizes=\"(max-width: 720px) 100vw, 720px\" \/><\/figure>\n\n\n\n<figure class=\"wp-block-image size-large\"><img decoding=\"async\" width=\"720\" height=\"480\" data-id=\"24199\" src=\"https:\/\/www.elpolitologoyelpolitico.com.ar\/wp-content\/uploads\/2022\/09\/IMG-20220908-WA0032.jpg\" alt=\"\" class=\"wp-image-24199\" srcset=\"https:\/\/www.elpolitologoyelpolitico.com.ar\/wp-content\/uploads\/2022\/09\/IMG-20220908-WA0032.jpg 720w, https:\/\/www.elpolitologoyelpolitico.com.ar\/wp-content\/uploads\/2022\/09\/IMG-20220908-WA0032-300x200.jpg 300w\" sizes=\"(max-width: 720px) 100vw, 720px\" \/><\/figure>\n<\/figure>\n<div class=\"fb-background-color\">\n\t\t\t  <div \n\t\t\t  \tclass = \"fb-comments\" \n\t\t\t  \tdata-href = \"https:\/\/www.elpolitologoyelpolitico.com.ar\/wordpress\/2022\/09\/08\/continua-abierta-la-muestra-fotografica-de-pucheros-el-fotografo-del-pueblo\/\"\n\t\t\t  \tdata-numposts = \"10\"\n\t\t\t  \tdata-lazy = \"true\"\n\t\t\t\tdata-colorscheme = \"light\"\n\t\t\t\tdata-order-by = \"social\"\n\t\t\t\tdata-mobile=true>\n\t\t\t  <\/div><\/div>\n\t\t  <style>\n\t\t    .fb-background-color {\n\t\t\t\tbackground: #ffffff !important;\n\t\t\t}\n\t\t\t.fb_iframe_widget_fluid_desktop iframe {\n\t\t\t    width: 100% !important;\n\t\t\t}\n\t\t  <\/style>\n\t\t  ","protected":false},"excerpt":{"rendered":"<p>Hasta el 14 de septiembre permanecer\u00e1 abierta en el Centro Municipal de Cultura la muestra fotogr\u00e1fica en homenaje al reconocido fot\u00f3grafo de la Comarca Miguel \u00c1ngel Cornou, conocido por su apodo \u201cPuchero&#8217;s\u201d. La exposici\u00f3n cuenta con m\u00e1s de 150 fotos in\u00e9ditas, que retratan diferentes momentos de la vida social y cultural de la Comarca en [&hellip;]<\/p>\n","protected":false},"author":4,"featured_media":24197,"comment_status":"closed","ping_status":"closed","sticky":false,"template":"","format":"standard","meta":{"_joinchat":[],"footnotes":""},"categories":[39],"tags":[],"class_list":["post-24196","post","type-post","status-publish","format-standard","has-post-thumbnail","hentry","category-en-esta-seccion"],"_links":{"self":[{"href":"https:\/\/www.elpolitologoyelpolitico.com.ar\/wordpress\/wp-json\/wp\/v2\/posts\/24196","targetHints":{"allow":["GET"]}}],"collection":[{"href":"https:\/\/www.elpolitologoyelpolitico.com.ar\/wordpress\/wp-json\/wp\/v2\/posts"}],"about":[{"href":"https:\/\/www.elpolitologoyelpolitico.com.ar\/wordpress\/wp-json\/wp\/v2\/types\/post"}],"author":[{"embeddable":true,"href":"https:\/\/www.elpolitologoyelpolitico.com.ar\/wordpress\/wp-json\/wp\/v2\/users\/4"}],"replies":[{"embeddable":true,"href":"https:\/\/www.elpolitologoyelpolitico.com.ar\/wordpress\/wp-json\/wp\/v2\/comments?post=24196"}],"version-history":[{"count":0,"href":"https:\/\/www.elpolitologoyelpolitico.com.ar\/wordpress\/wp-json\/wp\/v2\/posts\/24196\/revisions"}],"wp:featuredmedia":[{"embeddable":true,"href":"https:\/\/www.elpolitologoyelpolitico.com.ar\/wordpress\/wp-json\/wp\/v2\/media\/24197"}],"wp:attachment":[{"href":"https:\/\/www.elpolitologoyelpolitico.com.ar\/wordpress\/wp-json\/wp\/v2\/media?parent=24196"}],"wp:term":[{"taxonomy":"category","embeddable":true,"href":"https:\/\/www.elpolitologoyelpolitico.com.ar\/wordpress\/wp-json\/wp\/v2\/categories?post=24196"},{"taxonomy":"post_tag","embeddable":true,"href":"https:\/\/www.elpolitologoyelpolitico.com.ar\/wordpress\/wp-json\/wp\/v2\/tags?post=24196"}],"curies":[{"name":"wp","href":"https:\/\/api.w.org\/{rel}","templated":true}]}}