{"id":24186,"date":"2022-09-08T19:54:33","date_gmt":"2022-09-08T19:54:33","guid":{"rendered":"https:\/\/www.elpolitologoyelpolitico.com.ar\/wordpress\/?p=24186"},"modified":"2022-09-08T19:55:02","modified_gmt":"2022-09-08T19:55:02","slug":"el-espacio-de-quinta-mau-es-el-nuevo-parque-raul-ricardo-alfonsin","status":"publish","type":"post","link":"https:\/\/www.elpolitologoyelpolitico.com.ar\/wordpress\/2022\/09\/08\/el-espacio-de-quinta-mau-es-el-nuevo-parque-raul-ricardo-alfonsin\/","title":{"rendered":"EL ESPACIO DE QUINTA MAU ES EL NUEVO PARQUE \u201cRAUL RICARDO ALFONSIN\u201d"},"content":{"rendered":"\n<p>En la 14\u00ba Sesi\u00f3n Ordinaria se aprob\u00f3 por unanimidad la Ordenanza que denomina como \u201cParque Presidente Ra\u00fal Ricardo Alfons\u00edn\u201d, al espacio verde cedido por las hermanas Mau, ubicado en la Circunscripci\u00f3n I, Secci\u00f3n E, Quinta 130, Parcela 4 de la localidad de Carmen de Patagones.<\/p>\n\n\n\n<p>El proyecto de Ordenanza, presentado en el a\u00f1o 2010, destaca la trayectoria y el reconocimiento que ha tenido Ra\u00fal Alfons\u00edn como un constante defensor de los principios republicanos, de la pluralidad pol\u00edtica y de la democracia como sistema de gobierno y de vida. Su trayectoria pol\u00edtica intachable, su hombr\u00eda de bien, honradez y lucha permanente por los Derechos Humanos lo han convertido en una figura reconocida por todos los habitantes de la Rep\u00fablica Argentina.&nbsp;<\/p>\n\n\n\n<p>El entonces Director del Museo Hist\u00f3rico Regional \u201cEmma Nozzi\u201d del Banco de la Provincia de Buenos Aires, Licenciado Jorge An\u00edbal. Bustos, puso de manifiesto su opini\u00f3n favorable al prop\u00f3sito del proyecto de ordenanza utilizando los siguientes argumentos: \u201cLa Presidencia del Dr. Ra\u00fal R. Alfons\u00edn constituyo una bisagra en la Historia nacional. Para una Argentina en la que la ruptura del orden constitucional era habitual, no era esa la primera vez que un gobierno electo por el pueblo suced\u00eda a uno de facto. Lo singular fue la condici\u00f3n de ese poder de facto, que encarn\u00f3 una de las m\u00e1s abyectas dictaduras padecidas por la Am\u00e9rica Latina y que se caracteriz\u00f3 por una sistem\u00e1tica vejaci\u00f3n de la condici\u00f3n humana\u201d.<\/p>\n\n\n\n<p>\u201cLa Argentina, el mundo todo precisaban una fuerte reparaci\u00f3n, en la medida en que esto era posible sobre tanto da\u00f1o infligido. Ra\u00fal Alfons\u00edn tuvo el coraje c\u00edvico, la estatura hist\u00f3rica para abrir camino del juzgamiento de los cr\u00edmenes. Si hasta entonces nuestro pa\u00eds era mirando universalmente como un brutal escenario de horror, Alfons\u00edn lo puso en una condici\u00f3n de la que hoy podemos enorgullecernos\u201d.<\/p>\n\n\n\n<p>\u201cNunca hasta entonces en la Historia de la humanidad, un gobierno de civiles se atrev\u00eda a juzgar a quienes a\u00fan ten\u00edan las armas en su poder. El antecedente m\u00e1s notorio fueron los merecidamente recordados Juicios de N\u00faremberg contra los jerarcas de la Alemania nazi. Sin embargo, se actuaba contra una potencia derrotada e inerme que no pod\u00eda resistirse a la acci\u00f3n del tribunal internacional. Por ello, nada de lo que se hizo en el mundo contra criminales de lesa humanidad equipara a esa verdadera gesta conducida por Ra\u00fal Alfons\u00edn\u201d..<\/p>\n\n\n\n<p><strong>Ordenanza<\/strong><\/p>\n\n\n\n<p>Art\u00edculo 1: Denominar al espacio verde que se encuentra ubicado en parte de la Parcela 4 de la Circunscripci\u00f3n I, Secci\u00f3n E, Quinta 130 de la localidad de Carmen de Patagones, como \u201cParque Presidente Ra\u00fal Ricardo Alfons\u00edn\u201d. Aprobado por Unanimidad.<\/p>\n<div class=\"fb-background-color\">\n\t\t\t  <div \n\t\t\t  \tclass = \"fb-comments\" \n\t\t\t  \tdata-href = \"https:\/\/www.elpolitologoyelpolitico.com.ar\/wordpress\/2022\/09\/08\/el-espacio-de-quinta-mau-es-el-nuevo-parque-raul-ricardo-alfonsin\/\"\n\t\t\t  \tdata-numposts = \"10\"\n\t\t\t  \tdata-lazy = \"true\"\n\t\t\t\tdata-colorscheme = \"light\"\n\t\t\t\tdata-order-by = \"social\"\n\t\t\t\tdata-mobile=true>\n\t\t\t  <\/div><\/div>\n\t\t  <style>\n\t\t    .fb-background-color {\n\t\t\t\tbackground: #ffffff !important;\n\t\t\t}\n\t\t\t.fb_iframe_widget_fluid_desktop iframe {\n\t\t\t    width: 100% !important;\n\t\t\t}\n\t\t  <\/style>\n\t\t  ","protected":false},"excerpt":{"rendered":"<p>En la 14\u00ba Sesi\u00f3n Ordinaria se aprob\u00f3 por unanimidad la Ordenanza que denomina como \u201cParque Presidente Ra\u00fal Ricardo Alfons\u00edn\u201d, al espacio verde cedido por las hermanas Mau, ubicado en la Circunscripci\u00f3n I, Secci\u00f3n E, Quinta 130, Parcela 4 de la localidad de Carmen de Patagones. El proyecto de Ordenanza, presentado en el a\u00f1o 2010, destaca [&hellip;]<\/p>\n","protected":false},"author":4,"featured_media":24187,"comment_status":"closed","ping_status":"closed","sticky":false,"template":"","format":"standard","meta":{"_joinchat":[],"footnotes":""},"categories":[39],"tags":[],"class_list":["post-24186","post","type-post","status-publish","format-standard","has-post-thumbnail","hentry","category-en-esta-seccion"],"_links":{"self":[{"href":"https:\/\/www.elpolitologoyelpolitico.com.ar\/wordpress\/wp-json\/wp\/v2\/posts\/24186","targetHints":{"allow":["GET"]}}],"collection":[{"href":"https:\/\/www.elpolitologoyelpolitico.com.ar\/wordpress\/wp-json\/wp\/v2\/posts"}],"about":[{"href":"https:\/\/www.elpolitologoyelpolitico.com.ar\/wordpress\/wp-json\/wp\/v2\/types\/post"}],"author":[{"embeddable":true,"href":"https:\/\/www.elpolitologoyelpolitico.com.ar\/wordpress\/wp-json\/wp\/v2\/users\/4"}],"replies":[{"embeddable":true,"href":"https:\/\/www.elpolitologoyelpolitico.com.ar\/wordpress\/wp-json\/wp\/v2\/comments?post=24186"}],"version-history":[{"count":0,"href":"https:\/\/www.elpolitologoyelpolitico.com.ar\/wordpress\/wp-json\/wp\/v2\/posts\/24186\/revisions"}],"wp:featuredmedia":[{"embeddable":true,"href":"https:\/\/www.elpolitologoyelpolitico.com.ar\/wordpress\/wp-json\/wp\/v2\/media\/24187"}],"wp:attachment":[{"href":"https:\/\/www.elpolitologoyelpolitico.com.ar\/wordpress\/wp-json\/wp\/v2\/media?parent=24186"}],"wp:term":[{"taxonomy":"category","embeddable":true,"href":"https:\/\/www.elpolitologoyelpolitico.com.ar\/wordpress\/wp-json\/wp\/v2\/categories?post=24186"},{"taxonomy":"post_tag","embeddable":true,"href":"https:\/\/www.elpolitologoyelpolitico.com.ar\/wordpress\/wp-json\/wp\/v2\/tags?post=24186"}],"curies":[{"name":"wp","href":"https:\/\/api.w.org\/{rel}","templated":true}]}}