{"id":24182,"date":"2022-09-08T16:19:34","date_gmt":"2022-09-08T16:19:34","guid":{"rendered":"https:\/\/www.elpolitologoyelpolitico.com.ar\/wordpress\/?p=24182"},"modified":"2022-09-08T16:20:33","modified_gmt":"2022-09-08T16:20:33","slug":"el-bloque-del-fdt-expreso-su-apoyo-a-los-docentes-en-lucha","status":"publish","type":"post","link":"https:\/\/www.elpolitologoyelpolitico.com.ar\/wordpress\/2022\/09\/08\/el-bloque-del-fdt-expreso-su-apoyo-a-los-docentes-en-lucha\/","title":{"rendered":"EL BLOQUE DEL FDT EXPRES\u00d3 SU APOYO A LOS DOCENTES EN LUCHA"},"content":{"rendered":"\n<p>El bloque del Frente de Todos visit\u00f3 la carpa docente montada frente a Casa de Gobierno en el centro de la capital rionegrina y expres\u00f3 su acompa\u00f1amiento a los trabajadores y trabajadoras de la Educaci\u00f3n que mantienen su reclamo de mejoras salariales y en particular a la dirigencia que inici\u00f3 un ayuno para exigir urgentes respuestas del gobierno provincial.<\/p>\n\n\n\n<p>Adem\u00e1s, en ese contexto, los y las integrantes del bloque informaron que se present\u00f3 este jueves un proyecto de Comunicaci\u00f3n al Ejecutivo que expresa su apoyo a las medidas llevadas adelante por el sindicato y en particular a la \u201cCarpa de la Dignidad Docente\u201d, donde comenz\u00f3 el ayuno.<\/p>\n\n\n\n<p>Tambi\u00e9n, el legislador Jos\u00e9 Luis Berros anunci\u00f3 que el bloque elevar\u00e1 el pedido de interpelaci\u00f3n al ministro de Trabajo de R\u00edo Negro, Jorge Stopiello, para que explique el rol de ese organismo en el conflicto docente y d\u00e9 respuesta a las acusaciones del gremio de parcialidad manifiesta en beneficio de la patronal.<\/p>\n\n\n\n<p>La secretaria general de la Unter, Sandra Schieroni asegur\u00f3 que \u201cel gremio est\u00e1 de pie y va a generar que el gobierno d\u00e9 respuestas a nuestros justos reclamos. El gobierno nos est\u00e1 castigando al no pagarnos el aumento, al extender el ciclo lectivo, cada anuncio que hace es para mostrar su represalia hacia el sindicato por haber salido a la calle a reclamar\u201d.<\/p>\n\n\n\n<p>El legislador Pablo Barreno exhort\u00f3 al gobierno \u201ca que respete la libertad sindical y ponga fin a la persecuci\u00f3n a dirigentes gremiales\u201d.<\/p>\n\n\n\n<p>Finalmente, la presidenta de la bancada, Mar\u00eda Eugenia Martini se solidariz\u00f3 con los trabajadores y trabajadoras de la educaci\u00f3n y resalt\u00f3 que \u201cen las horas dif\u00edciles es cuando tenemos que estar acompa\u00f1ando los dirigentes pol\u00edticos, no s\u00f3lo por los docentes sino tambi\u00e9n por los estudiantes que no pueden perder d\u00edas de clases por responsabilidad del gobierno\u201d.<\/p>\n\n\n\n<p>\u201cVamos a seguir acompa\u00f1ando el reclamo y solicitaremos al Ministerio de Educaci\u00f3n que se siente en paritaria de manera urgente para resolver este conflicto\u201d, concluy\u00f3.<\/p>\n<div class=\"fb-background-color\">\n\t\t\t  <div \n\t\t\t  \tclass = \"fb-comments\" \n\t\t\t  \tdata-href = \"https:\/\/www.elpolitologoyelpolitico.com.ar\/wordpress\/2022\/09\/08\/el-bloque-del-fdt-expreso-su-apoyo-a-los-docentes-en-lucha\/\"\n\t\t\t  \tdata-numposts = \"10\"\n\t\t\t  \tdata-lazy = \"true\"\n\t\t\t\tdata-colorscheme = \"light\"\n\t\t\t\tdata-order-by = \"social\"\n\t\t\t\tdata-mobile=true>\n\t\t\t  <\/div><\/div>\n\t\t  <style>\n\t\t    .fb-background-color {\n\t\t\t\tbackground: #ffffff !important;\n\t\t\t}\n\t\t\t.fb_iframe_widget_fluid_desktop iframe {\n\t\t\t    width: 100% !important;\n\t\t\t}\n\t\t  <\/style>\n\t\t  ","protected":false},"excerpt":{"rendered":"<p>El bloque del Frente de Todos visit\u00f3 la carpa docente montada frente a Casa de Gobierno en el centro de la capital rionegrina y expres\u00f3 su acompa\u00f1amiento a los trabajadores y trabajadoras de la Educaci\u00f3n que mantienen su reclamo de mejoras salariales y en particular a la dirigencia que inici\u00f3 un ayuno para exigir urgentes [&hellip;]<\/p>\n","protected":false},"author":4,"featured_media":24183,"comment_status":"closed","ping_status":"closed","sticky":false,"template":"","format":"standard","meta":{"_joinchat":[],"footnotes":""},"categories":[39],"tags":[],"class_list":["post-24182","post","type-post","status-publish","format-standard","has-post-thumbnail","hentry","category-en-esta-seccion"],"_links":{"self":[{"href":"https:\/\/www.elpolitologoyelpolitico.com.ar\/wordpress\/wp-json\/wp\/v2\/posts\/24182","targetHints":{"allow":["GET"]}}],"collection":[{"href":"https:\/\/www.elpolitologoyelpolitico.com.ar\/wordpress\/wp-json\/wp\/v2\/posts"}],"about":[{"href":"https:\/\/www.elpolitologoyelpolitico.com.ar\/wordpress\/wp-json\/wp\/v2\/types\/post"}],"author":[{"embeddable":true,"href":"https:\/\/www.elpolitologoyelpolitico.com.ar\/wordpress\/wp-json\/wp\/v2\/users\/4"}],"replies":[{"embeddable":true,"href":"https:\/\/www.elpolitologoyelpolitico.com.ar\/wordpress\/wp-json\/wp\/v2\/comments?post=24182"}],"version-history":[{"count":0,"href":"https:\/\/www.elpolitologoyelpolitico.com.ar\/wordpress\/wp-json\/wp\/v2\/posts\/24182\/revisions"}],"wp:featuredmedia":[{"embeddable":true,"href":"https:\/\/www.elpolitologoyelpolitico.com.ar\/wordpress\/wp-json\/wp\/v2\/media\/24183"}],"wp:attachment":[{"href":"https:\/\/www.elpolitologoyelpolitico.com.ar\/wordpress\/wp-json\/wp\/v2\/media?parent=24182"}],"wp:term":[{"taxonomy":"category","embeddable":true,"href":"https:\/\/www.elpolitologoyelpolitico.com.ar\/wordpress\/wp-json\/wp\/v2\/categories?post=24182"},{"taxonomy":"post_tag","embeddable":true,"href":"https:\/\/www.elpolitologoyelpolitico.com.ar\/wordpress\/wp-json\/wp\/v2\/tags?post=24182"}],"curies":[{"name":"wp","href":"https:\/\/api.w.org\/{rel}","templated":true}]}}