{"id":24175,"date":"2022-09-08T13:52:48","date_gmt":"2022-09-08T13:52:48","guid":{"rendered":"https:\/\/www.elpolitologoyelpolitico.com.ar\/wordpress\/?p=24175"},"modified":"2022-09-08T13:53:20","modified_gmt":"2022-09-08T13:53:20","slug":"se-abre-la-inscripcion-para-juez-de-faltas-y-secretario-letrado","status":"publish","type":"post","link":"https:\/\/www.elpolitologoyelpolitico.com.ar\/wordpress\/2022\/09\/08\/se-abre-la-inscripcion-para-juez-de-faltas-y-secretario-letrado\/","title":{"rendered":"Se abre la inscripci\u00f3n para Juez de Faltas y Secretario Letrado"},"content":{"rendered":"\n<p>A partir de hoy y hasta el 7 de octubre, el Concejo Deliberante abre el plazo de inscripci\u00f3n para concursar para los cargos de Juez\/a de Faltas Municipal y Secretario\/a Letrado\/a del Juzgado de Faltas.<\/p>\n\n\n\n<p>Los interesados y las interesadas podr\u00e1n retirar los requisitos en el edificio del cuerpo legislativo municipal -calle Buenos Aires 320- de lunes a viernes 7.30 a 13.30, o descargarlos desde el link https:\/\/concejoviedma.gov.ar\/contenido\/institucional\/10\/juez-de-faltas-municipal-y-secretario-letrado-del-juzgado-de-faltas.html<\/p>\n\n\n\n<p>Para presentar toda la informaci\u00f3n requerida deber\u00e1n dirigirse en persona y con toda la documentaci\u00f3n correspondiente a la Direcci\u00f3n de Asesor\u00eda Legal y T\u00e9cnica del Deliberante \u2013tambi\u00e9n en calle Buenos Aires 320-, de lunes a viernes, de 9 a 13 horas.&nbsp;<\/p>\n\n\n\n<p><strong>Requisitos:<\/strong><\/p>\n\n\n\n<p>Edad M\u00ednima 30 a\u00f1os (Art\u00edculo 91 COM), Edad L\u00edmite la prevista por la Ley Previsional para acceder al beneficio de la jubilaci\u00f3n.<\/p>\n\n\n\n<p>Nacionalidad: argentino\/a nativo\/a, naturalizado\/a o por opci\u00f3n.<\/p>\n\n\n\n<p>Titulaci\u00f3n exigible: Abogado\/a. La antig\u00fcedad en el ejercicio de la profesi\u00f3n se considerar\u00e1 a partir de la fecha de expedici\u00f3n del t\u00edtulo de abogado. Cinco (5) a\u00f1os de ejercicio de la abogac\u00eda o de la magistratura o cargo\/funci\u00f3n judicial y los requisitos exigidos para los\/as Concejales\/as. (Art\u00edculo 91 y 52 COM).<\/p>\n\n\n\n<p>Certificado del Registro Nacional de Reincidencia, cuya fecha de emisi\u00f3n sea posterior a la fecha de publicaci\u00f3n de la convocatoria.<\/p>\n\n\n\n<p>Certificado\/constancia de no estar en el Registro de deudor\/a de alimentos (REDAM), el mismo puede ser solicitado en Jefatura de Gabinete y Gobierno Municipal.<\/p>\n\n\n\n<p>Los\/as postulantes que se desempe\u00f1en o se hubiesen desempe\u00f1ado como Magistrados o funcionarios judiciales, informe del \u00e1rea competente sobre la existencia o no de sanciones de cualquier tipo.<\/p>\n\n\n\n<p>Si esta matriculado\/a, acompa\u00f1ar una certificaci\u00f3n del Colegio de Abogados de la matricula que haga constar si le han sido aplicada sanciones por el Tribunal de \u00c9tica.<\/p>\n\n\n\n<p>Certificado de aptitud psicof\u00edsica.<\/p>\n\n\n\n<p><strong>Incompatibilidades e inhabilidades:<\/strong><\/p>\n\n\n\n<p>Las inhabilidades e incompatibilidades del Juez de Faltas son las fijadas por el Art\u00edculo 52\u00ba de la Carta Org\u00e1nica Municipal.<\/p>\n\n\n\n<p>Lugar, d\u00edas y horarios en donde requerir informaci\u00f3n: Concejo Deliberante de Viedma. Direcci\u00f3n de Asesor\u00eda Legal y T\u00e9cnica, Buenos Aires 320 Viedma, R\u00edo negro. TEL: 2920- 431400 Int. 313, de Lunes a Viernes de 9:00 a 13:00 hs. E-mail legales@concejoviedma.gov.ar<br><\/p>\n\n\n\n<p><strong>Presentaci\u00f3n postulantes:<\/strong><\/p>\n\n\n\n<p>1- Formulario de Inscripci\u00f3n.<\/p>\n\n\n\n<p>2- Fotocopia certificada del Documento Nacional de Identidad.<\/p>\n\n\n\n<p>3- Curriculum Vitae del\/la candidato\/a con copia certificada de antecedentes laborales y de formaci\u00f3n invocados. Certificado que acredite toda formaci\u00f3n de grado o posgrado, maestr\u00eda, especializaciones, capacitaciones, publicaciones, etc, si las hubiere.<\/p>\n\n\n\n<p>4- Fotocopia certificada del t\u00edtulo\/s profesional, debidamente legalizado.<\/p>\n\n\n\n<p>5- Nota dirigida a la Presidenta del Concejo Deliberante.<\/p>\n\n\n\n<p>6- Declaraci\u00f3n Jurada del\/la aspirante, de no estar incurso en ninguna de las inhabilidades establecidas por Carta Org\u00e1nica.<\/p>\n\n\n\n<p>7- Propuesta de Trabajo Monogr\u00e1fico. Condiciones de presentaci\u00f3n establecidas en la Resoluci\u00f3n N.\u00ba 231\/22<\/p>\n\n\n\n<p>8- Toda otra documentaci\u00f3n que est\u00e9 dentro de los requisitos.<\/p>\n<div class=\"fb-background-color\">\n\t\t\t  <div \n\t\t\t  \tclass = \"fb-comments\" \n\t\t\t  \tdata-href = \"https:\/\/www.elpolitologoyelpolitico.com.ar\/wordpress\/2022\/09\/08\/se-abre-la-inscripcion-para-juez-de-faltas-y-secretario-letrado\/\"\n\t\t\t  \tdata-numposts = \"10\"\n\t\t\t  \tdata-lazy = \"true\"\n\t\t\t\tdata-colorscheme = \"light\"\n\t\t\t\tdata-order-by = \"social\"\n\t\t\t\tdata-mobile=true>\n\t\t\t  <\/div><\/div>\n\t\t  <style>\n\t\t    .fb-background-color {\n\t\t\t\tbackground: #ffffff !important;\n\t\t\t}\n\t\t\t.fb_iframe_widget_fluid_desktop iframe {\n\t\t\t    width: 100% !important;\n\t\t\t}\n\t\t  <\/style>\n\t\t  ","protected":false},"excerpt":{"rendered":"<p>A partir de hoy y hasta el 7 de octubre, el Concejo Deliberante abre el plazo de inscripci\u00f3n para concursar para los cargos de Juez\/a de Faltas Municipal y Secretario\/a Letrado\/a del Juzgado de Faltas. Los interesados y las interesadas podr\u00e1n retirar los requisitos en el edificio del cuerpo legislativo municipal -calle Buenos Aires 320- [&hellip;]<\/p>\n","protected":false},"author":4,"featured_media":24176,"comment_status":"closed","ping_status":"closed","sticky":false,"template":"","format":"standard","meta":{"_joinchat":[],"footnotes":""},"categories":[39],"tags":[],"class_list":["post-24175","post","type-post","status-publish","format-standard","has-post-thumbnail","hentry","category-en-esta-seccion"],"_links":{"self":[{"href":"https:\/\/www.elpolitologoyelpolitico.com.ar\/wordpress\/wp-json\/wp\/v2\/posts\/24175","targetHints":{"allow":["GET"]}}],"collection":[{"href":"https:\/\/www.elpolitologoyelpolitico.com.ar\/wordpress\/wp-json\/wp\/v2\/posts"}],"about":[{"href":"https:\/\/www.elpolitologoyelpolitico.com.ar\/wordpress\/wp-json\/wp\/v2\/types\/post"}],"author":[{"embeddable":true,"href":"https:\/\/www.elpolitologoyelpolitico.com.ar\/wordpress\/wp-json\/wp\/v2\/users\/4"}],"replies":[{"embeddable":true,"href":"https:\/\/www.elpolitologoyelpolitico.com.ar\/wordpress\/wp-json\/wp\/v2\/comments?post=24175"}],"version-history":[{"count":0,"href":"https:\/\/www.elpolitologoyelpolitico.com.ar\/wordpress\/wp-json\/wp\/v2\/posts\/24175\/revisions"}],"wp:featuredmedia":[{"embeddable":true,"href":"https:\/\/www.elpolitologoyelpolitico.com.ar\/wordpress\/wp-json\/wp\/v2\/media\/24176"}],"wp:attachment":[{"href":"https:\/\/www.elpolitologoyelpolitico.com.ar\/wordpress\/wp-json\/wp\/v2\/media?parent=24175"}],"wp:term":[{"taxonomy":"category","embeddable":true,"href":"https:\/\/www.elpolitologoyelpolitico.com.ar\/wordpress\/wp-json\/wp\/v2\/categories?post=24175"},{"taxonomy":"post_tag","embeddable":true,"href":"https:\/\/www.elpolitologoyelpolitico.com.ar\/wordpress\/wp-json\/wp\/v2\/tags?post=24175"}],"curies":[{"name":"wp","href":"https:\/\/api.w.org\/{rel}","templated":true}]}}