{"id":24170,"date":"2022-09-08T13:42:50","date_gmt":"2022-09-08T13:42:50","guid":{"rendered":"https:\/\/www.elpolitologoyelpolitico.com.ar\/wordpress\/?p=24170"},"modified":"2022-09-08T13:43:31","modified_gmt":"2022-09-08T13:43:31","slug":"la-red-rionegrina-de-la-tercera-juventud-realizara-este-sabado-en-villa-regina-una-charla-gratuita-informativa-denominada-estafas-violencias-y-grooming-para-personas-mayores","status":"publish","type":"post","link":"https:\/\/www.elpolitologoyelpolitico.com.ar\/wordpress\/2022\/09\/08\/la-red-rionegrina-de-la-tercera-juventud-realizara-este-sabado-en-villa-regina-una-charla-gratuita-informativa-denominada-estafas-violencias-y-grooming-para-personas-mayores\/","title":{"rendered":"La RED Rionegrina de la Tercera Juventud realizar\u00e1 este s\u00e1bado en Villa Regina una charla gratuita informativa denominada \u201cEstafas, Violencias y Grooming\u201d para personas mayores"},"content":{"rendered":"\n<p>En un trabajo articulado junto al Ministerio P\u00fablico de R\u00edo Negro y la Comisaria de la Familia de Villa Regina la RED vuelve a realizar esta charla gratuita que pretende concientizar y dar herramientas a los adultos mayores en la b\u00fasqueda de prevenir este tipo de situaciones.<\/p>\n\n\n\n<p>El m\u00f3dulo de \u201cEstafas\u201d estar\u00e1 a cargo del equipo t\u00e9cnico del Alto Valle del Ministerio P\u00fablico de R\u00edo Negro, haciendo hincapi\u00e9 en las modalidades actuales de estafas, y fundamentalmente en c\u00f3mo detectar y prevenir ser v\u00edctima de este tipo de delitos. La Comisaria de la Familia de Villa Regina, por su parte, ser\u00e1 la encargada de exponer sobre diferentes tipos de violencias hacia las personas mayores y c\u00f3mo actuar ante una situaci\u00f3n de este tipo. Adem\u00e1s tambi\u00e9n realizar\u00e1 una breve rese\u00f1a sobre Grooming, con la intenci\u00f3n de concientizar a los participantes sobre los riesgos y niveles de exposici\u00f3n de sus nietos en el uso cotidiano de internet a trav\u00e9s de diferentes dispositivos.<\/p>\n\n\n\n<p>La charla, abierta a toda la comunidad, se realizar\u00e1 este s\u00e1bado 10 de septiembre a partir de las 10:00 hs. en el Galp\u00f3n de la Artes sito en Avenida 9 de Julio 87, de la ciudad de Villa Regina.<\/p>\n\n\n\n<p>Rodolfo Artola, Coordinador General de la RED, explic\u00f3: \u201cSentimos que poder\u00a0organizar este tipo de charlas no da la posibilidad de brindar, de alguna manera, herramientas a los sectores m\u00e1s vulnerables y afectados por estos temas. Es un orgullo para la RED poder articular con otras instituciones y organismos en virtud de acompa\u00f1ar a la comunidad. Tambi\u00e9n tenemos que agradecer a la legisladora Marcela Avila que colabor\u00f3 y mucho en detalles log\u00edsticos en la localidad, para que esta charla se pueda llevar a cabo\u00bb<\/p>\n\n\n\n<figure class=\"wp-block-image size-full\"><img fetchpriority=\"high\" decoding=\"async\" width=\"720\" height=\"960\" src=\"https:\/\/www.elpolitologoyelpolitico.com.ar\/wp-content\/uploads\/2022\/09\/IMG-20220908-WA0007.jpg\" alt=\"\" class=\"wp-image-24172\" srcset=\"https:\/\/www.elpolitologoyelpolitico.com.ar\/wp-content\/uploads\/2022\/09\/IMG-20220908-WA0007.jpg 720w, https:\/\/www.elpolitologoyelpolitico.com.ar\/wp-content\/uploads\/2022\/09\/IMG-20220908-WA0007-225x300.jpg 225w\" sizes=\"(max-width: 720px) 100vw, 720px\" \/><\/figure>\n<div class=\"fb-background-color\">\n\t\t\t  <div \n\t\t\t  \tclass = \"fb-comments\" \n\t\t\t  \tdata-href = \"https:\/\/www.elpolitologoyelpolitico.com.ar\/wordpress\/2022\/09\/08\/la-red-rionegrina-de-la-tercera-juventud-realizara-este-sabado-en-villa-regina-una-charla-gratuita-informativa-denominada-estafas-violencias-y-grooming-para-personas-mayores\/\"\n\t\t\t  \tdata-numposts = \"10\"\n\t\t\t  \tdata-lazy = \"true\"\n\t\t\t\tdata-colorscheme = \"light\"\n\t\t\t\tdata-order-by = \"social\"\n\t\t\t\tdata-mobile=true>\n\t\t\t  <\/div><\/div>\n\t\t  <style>\n\t\t    .fb-background-color {\n\t\t\t\tbackground: #ffffff !important;\n\t\t\t}\n\t\t\t.fb_iframe_widget_fluid_desktop iframe {\n\t\t\t    width: 100% !important;\n\t\t\t}\n\t\t  <\/style>\n\t\t  ","protected":false},"excerpt":{"rendered":"<p>En un trabajo articulado junto al Ministerio P\u00fablico de R\u00edo Negro y la Comisaria de la Familia de Villa Regina la RED vuelve a realizar esta charla gratuita que pretende concientizar y dar herramientas a los adultos mayores en la b\u00fasqueda de prevenir este tipo de situaciones. El m\u00f3dulo de \u201cEstafas\u201d estar\u00e1 a cargo del [&hellip;]<\/p>\n","protected":false},"author":4,"featured_media":24171,"comment_status":"closed","ping_status":"closed","sticky":false,"template":"","format":"standard","meta":{"_joinchat":[],"footnotes":""},"categories":[39],"tags":[],"class_list":["post-24170","post","type-post","status-publish","format-standard","has-post-thumbnail","hentry","category-en-esta-seccion"],"_links":{"self":[{"href":"https:\/\/www.elpolitologoyelpolitico.com.ar\/wordpress\/wp-json\/wp\/v2\/posts\/24170","targetHints":{"allow":["GET"]}}],"collection":[{"href":"https:\/\/www.elpolitologoyelpolitico.com.ar\/wordpress\/wp-json\/wp\/v2\/posts"}],"about":[{"href":"https:\/\/www.elpolitologoyelpolitico.com.ar\/wordpress\/wp-json\/wp\/v2\/types\/post"}],"author":[{"embeddable":true,"href":"https:\/\/www.elpolitologoyelpolitico.com.ar\/wordpress\/wp-json\/wp\/v2\/users\/4"}],"replies":[{"embeddable":true,"href":"https:\/\/www.elpolitologoyelpolitico.com.ar\/wordpress\/wp-json\/wp\/v2\/comments?post=24170"}],"version-history":[{"count":0,"href":"https:\/\/www.elpolitologoyelpolitico.com.ar\/wordpress\/wp-json\/wp\/v2\/posts\/24170\/revisions"}],"wp:featuredmedia":[{"embeddable":true,"href":"https:\/\/www.elpolitologoyelpolitico.com.ar\/wordpress\/wp-json\/wp\/v2\/media\/24171"}],"wp:attachment":[{"href":"https:\/\/www.elpolitologoyelpolitico.com.ar\/wordpress\/wp-json\/wp\/v2\/media?parent=24170"}],"wp:term":[{"taxonomy":"category","embeddable":true,"href":"https:\/\/www.elpolitologoyelpolitico.com.ar\/wordpress\/wp-json\/wp\/v2\/categories?post=24170"},{"taxonomy":"post_tag","embeddable":true,"href":"https:\/\/www.elpolitologoyelpolitico.com.ar\/wordpress\/wp-json\/wp\/v2\/tags?post=24170"}],"curies":[{"name":"wp","href":"https:\/\/api.w.org\/{rel}","templated":true}]}}