{"id":24166,"date":"2022-09-08T02:00:00","date_gmt":"2022-09-08T02:00:00","guid":{"rendered":"https:\/\/www.elpolitologoyelpolitico.com.ar\/wordpress\/?p=24166"},"modified":"2022-09-08T02:00:39","modified_gmt":"2022-09-08T02:00:39","slug":"udocba-presente-en-la-3-reunion-de-la-comision-de-la-verdad-historica-de-la-dgcye","status":"publish","type":"post","link":"https:\/\/www.elpolitologoyelpolitico.com.ar\/wordpress\/2022\/09\/08\/udocba-presente-en-la-3-reunion-de-la-comision-de-la-verdad-historica-de-la-dgcye\/","title":{"rendered":"UDOCBA presente en la 3\u00b0 reuni\u00f3n de la Comisi\u00f3n de la Verdad Hist\u00f3rica de la DGCyE"},"content":{"rendered":"\n<p>UDOCBA particip\u00f3 el d\u00eda de la fecha, a trav\u00e9s de su Secretario&nbsp; Gremial Gustavo Salcedo, de la convocatoria realizada por la Direcci\u00f3n General de Cultura y Educaci\u00f3n a la 3\u00aa reuni\u00f3n de la Comisi\u00f3n de la Verdad Hist\u00f3rica de la DGCyE.<\/p>\n\n\n\n<p>La misma est\u00e1 integrada por un representante del Consejo General de Educaci\u00f3n, la Subsecretar\u00eda de DDHH, los Gremios y la Comisi\u00f3n Provincial por la Memoria.<\/p>\n\n\n\n<p>Se trataron la reparaci\u00f3n de los libros matrices, en sus causales de bajas de estudiantes secundarios,&nbsp; v\u00edctimas del terrorismo de Estado, del Colegio Normal Mentruyt de Banfield, Lomas de Zamora.&nbsp;<\/p>\n\n\n\n<p>Fueron invitados a participar de este encuentro de la Comisi\u00f3n representantes del Centro de estudiantes, la Vicedirectora y profesoras de dicho Colegio<\/p>\n<div class=\"fb-background-color\">\n\t\t\t  <div \n\t\t\t  \tclass = \"fb-comments\" \n\t\t\t  \tdata-href = \"https:\/\/www.elpolitologoyelpolitico.com.ar\/wordpress\/2022\/09\/08\/udocba-presente-en-la-3-reunion-de-la-comision-de-la-verdad-historica-de-la-dgcye\/\"\n\t\t\t  \tdata-numposts = \"10\"\n\t\t\t  \tdata-lazy = \"true\"\n\t\t\t\tdata-colorscheme = \"light\"\n\t\t\t\tdata-order-by = \"social\"\n\t\t\t\tdata-mobile=true>\n\t\t\t  <\/div><\/div>\n\t\t  <style>\n\t\t    .fb-background-color {\n\t\t\t\tbackground: #ffffff !important;\n\t\t\t}\n\t\t\t.fb_iframe_widget_fluid_desktop iframe {\n\t\t\t    width: 100% !important;\n\t\t\t}\n\t\t  <\/style>\n\t\t  ","protected":false},"excerpt":{"rendered":"<p>UDOCBA particip\u00f3 el d\u00eda de la fecha, a trav\u00e9s de su Secretario&nbsp; Gremial Gustavo Salcedo, de la convocatoria realizada por la Direcci\u00f3n General de Cultura y Educaci\u00f3n a la 3\u00aa reuni\u00f3n de la Comisi\u00f3n de la Verdad Hist\u00f3rica de la DGCyE. La misma est\u00e1 integrada por un representante del Consejo General de Educaci\u00f3n, la Subsecretar\u00eda [&hellip;]<\/p>\n","protected":false},"author":4,"featured_media":24167,"comment_status":"closed","ping_status":"closed","sticky":false,"template":"","format":"standard","meta":{"_joinchat":[],"footnotes":""},"categories":[39],"tags":[],"class_list":["post-24166","post","type-post","status-publish","format-standard","has-post-thumbnail","hentry","category-en-esta-seccion"],"_links":{"self":[{"href":"https:\/\/www.elpolitologoyelpolitico.com.ar\/wordpress\/wp-json\/wp\/v2\/posts\/24166","targetHints":{"allow":["GET"]}}],"collection":[{"href":"https:\/\/www.elpolitologoyelpolitico.com.ar\/wordpress\/wp-json\/wp\/v2\/posts"}],"about":[{"href":"https:\/\/www.elpolitologoyelpolitico.com.ar\/wordpress\/wp-json\/wp\/v2\/types\/post"}],"author":[{"embeddable":true,"href":"https:\/\/www.elpolitologoyelpolitico.com.ar\/wordpress\/wp-json\/wp\/v2\/users\/4"}],"replies":[{"embeddable":true,"href":"https:\/\/www.elpolitologoyelpolitico.com.ar\/wordpress\/wp-json\/wp\/v2\/comments?post=24166"}],"version-history":[{"count":0,"href":"https:\/\/www.elpolitologoyelpolitico.com.ar\/wordpress\/wp-json\/wp\/v2\/posts\/24166\/revisions"}],"wp:featuredmedia":[{"embeddable":true,"href":"https:\/\/www.elpolitologoyelpolitico.com.ar\/wordpress\/wp-json\/wp\/v2\/media\/24167"}],"wp:attachment":[{"href":"https:\/\/www.elpolitologoyelpolitico.com.ar\/wordpress\/wp-json\/wp\/v2\/media?parent=24166"}],"wp:term":[{"taxonomy":"category","embeddable":true,"href":"https:\/\/www.elpolitologoyelpolitico.com.ar\/wordpress\/wp-json\/wp\/v2\/categories?post=24166"},{"taxonomy":"post_tag","embeddable":true,"href":"https:\/\/www.elpolitologoyelpolitico.com.ar\/wordpress\/wp-json\/wp\/v2\/tags?post=24166"}],"curies":[{"name":"wp","href":"https:\/\/api.w.org\/{rel}","templated":true}]}}