{"id":24149,"date":"2022-09-08T01:22:05","date_gmt":"2022-09-08T01:22:05","guid":{"rendered":"https:\/\/www.elpolitologoyelpolitico.com.ar\/wordpress\/?p=24149"},"modified":"2022-09-08T01:22:39","modified_gmt":"2022-09-08T01:22:39","slug":"el-intendente-zara-participo-de-la-inauguracion-de-la-feria-regional-de-educacion-arte-ciencia-y-tecnologia","status":"publish","type":"post","link":"https:\/\/www.elpolitologoyelpolitico.com.ar\/wordpress\/2022\/09\/08\/el-intendente-zara-participo-de-la-inauguracion-de-la-feria-regional-de-educacion-arte-ciencia-y-tecnologia\/","title":{"rendered":"El Intendente Zara particip\u00f3 de la inauguraci\u00f3n de la Feria Regional de Educaci\u00f3n, Arte, Ciencia y Tecnolog\u00eda"},"content":{"rendered":"\n<p>El Intendente Municipal, Ing. Jos\u00e9 Luis Zara, particip\u00f3 este mi\u00e9rcoles de la apertura de la Feria Regional de Educaci\u00f3n, Arte, Ciencia y Tecnolog\u00eda, que se realiz\u00f3 en el Puerto de Ingeniero White, Bah\u00eda Blanca.<\/p>\n\n\n\n<p>La ceremonia fue encabezada por el presidente del puerto de Bah\u00eda Blanca, Federico Susbielles, y el Jefe de la Regi\u00f3n Educativa N\u00b022, Claudio Martini.&nbsp;<\/p>\n\n\n\n<p>Acompa\u00f1aron al Intendente, la Jefa Distrital de Educaci\u00f3n, Claudia Azpiroz, la Inspectora, Estela Sosa, la Directora de Gobierno, Adriana Llambay, el Director de Cultura, Vicente Paredes, la Coordinadora de Programas P\u00fablicos del Interior, Mar\u00eda Ciccone, y la delegada municipal de Villalonga, Valeria M\u00e9ndez.&nbsp;<\/p>\n\n\n\n<p>En la oportunidad, se presentaron proyectos elaborados por instituciones educativas de la Regi\u00f3n.&nbsp;<\/p>\n\n\n\n<p>Al referirse a la actividad, el Jefe de la Regi\u00f3n Educativa N\u00b022, Claudio Martini, destac\u00f3: \u201cEn dos palabras podemos resumir en gran trabajo: agradecimiento y reconocimiento. Nuestra regi\u00f3n tiene 516 servicios educativos, 150 mil alumnos y hoy tenemos una peque\u00f1a delegaci\u00f3n que nos muestra las cosas buenas que pasan en el aula\u201d.&nbsp;<\/p>\n\n\n\n<p>Del mismo modo, remarc\u00f3 que \u201cla educaci\u00f3n es seria, profesional y est\u00e1 a la altura de las circunstancias, por eso somos educadores y existe la feria\u201d.\u00a0<\/p>\n\n\n\n<p>El Intendente Zara, por su parte, expres\u00f3 que \u201cpara nosotros es importante participar de la Feria y estamos evaluando que la pr\u00f3xima edici\u00f3n regional se realice en Patagones\u201d.&nbsp;<\/p>\n\n\n\n<p>\u201cAqu\u00ed hay un gran trabajo docente, de las instituciones del Partido de Patagones, hoy tenemos m\u00e1s de diez instituciones participando, m\u00e1s de 80 alumnos que vinieron y nosotros acompa\u00f1amos teniendo siempre presente que, como Intendente, la prioridad es la educaci\u00f3n, a\u00f1adi\u00f3.&nbsp;<\/p>\n\n\n\n<p>En el mismo sentido, Zara destac\u00f3 el trabajo mancomunado entre la Jefatura Regional, la Jefatura Distrital y el Consejo Escolar Municipal, que \u201chace que la educaci\u00f3n en el Partido de Patagones crezca\u201d.<\/p>\n\n\n\n<figure class=\"wp-block-gallery has-nested-images columns-default is-cropped wp-block-gallery-1 is-layout-flex wp-block-gallery-is-layout-flex\">\n<figure class=\"wp-block-image size-large\"><img fetchpriority=\"high\" decoding=\"async\" width=\"720\" height=\"960\" data-id=\"24152\" src=\"https:\/\/www.elpolitologoyelpolitico.com.ar\/wp-content\/uploads\/2022\/09\/IMG-20220907-WA0051.jpg\" alt=\"\" class=\"wp-image-24152\" srcset=\"https:\/\/www.elpolitologoyelpolitico.com.ar\/wp-content\/uploads\/2022\/09\/IMG-20220907-WA0051.jpg 720w, https:\/\/www.elpolitologoyelpolitico.com.ar\/wp-content\/uploads\/2022\/09\/IMG-20220907-WA0051-225x300.jpg 225w\" sizes=\"(max-width: 720px) 100vw, 720px\" \/><\/figure>\n\n\n\n<figure class=\"wp-block-image size-large\"><img decoding=\"async\" width=\"720\" height=\"540\" data-id=\"24151\" src=\"https:\/\/www.elpolitologoyelpolitico.com.ar\/wp-content\/uploads\/2022\/09\/IMG-20220907-WA0055.jpg\" alt=\"\" class=\"wp-image-24151\" srcset=\"https:\/\/www.elpolitologoyelpolitico.com.ar\/wp-content\/uploads\/2022\/09\/IMG-20220907-WA0055.jpg 720w, https:\/\/www.elpolitologoyelpolitico.com.ar\/wp-content\/uploads\/2022\/09\/IMG-20220907-WA0055-300x225.jpg 300w\" sizes=\"(max-width: 720px) 100vw, 720px\" \/><\/figure>\n\n\n\n<figure class=\"wp-block-image size-large\"><img decoding=\"async\" width=\"720\" height=\"540\" data-id=\"24153\" src=\"https:\/\/www.elpolitologoyelpolitico.com.ar\/wp-content\/uploads\/2022\/09\/IMG-20220907-WA0048.jpg\" alt=\"\" class=\"wp-image-24153\" srcset=\"https:\/\/www.elpolitologoyelpolitico.com.ar\/wp-content\/uploads\/2022\/09\/IMG-20220907-WA0048.jpg 720w, https:\/\/www.elpolitologoyelpolitico.com.ar\/wp-content\/uploads\/2022\/09\/IMG-20220907-WA0048-300x225.jpg 300w\" sizes=\"(max-width: 720px) 100vw, 720px\" \/><\/figure>\n\n\n\n<figure class=\"wp-block-image size-large\"><img loading=\"lazy\" decoding=\"async\" width=\"540\" height=\"960\" data-id=\"24155\" src=\"https:\/\/www.elpolitologoyelpolitico.com.ar\/wp-content\/uploads\/2022\/09\/IMG-20220907-WA0049.jpg\" alt=\"\" class=\"wp-image-24155\" srcset=\"https:\/\/www.elpolitologoyelpolitico.com.ar\/wp-content\/uploads\/2022\/09\/IMG-20220907-WA0049.jpg 540w, https:\/\/www.elpolitologoyelpolitico.com.ar\/wp-content\/uploads\/2022\/09\/IMG-20220907-WA0049-169x300.jpg 169w\" sizes=\"(max-width: 540px) 100vw, 540px\" \/><\/figure>\n<\/figure>\n\n\n\n<figure class=\"wp-block-image size-full\"><img loading=\"lazy\" decoding=\"async\" width=\"720\" height=\"540\" src=\"https:\/\/www.elpolitologoyelpolitico.com.ar\/wp-content\/uploads\/2022\/09\/IMG-20220907-WA0050-1.jpg\" alt=\"\" class=\"wp-image-24156\" srcset=\"https:\/\/www.elpolitologoyelpolitico.com.ar\/wp-content\/uploads\/2022\/09\/IMG-20220907-WA0050-1.jpg 720w, https:\/\/www.elpolitologoyelpolitico.com.ar\/wp-content\/uploads\/2022\/09\/IMG-20220907-WA0050-1-300x225.jpg 300w\" sizes=\"(max-width: 720px) 100vw, 720px\" \/><\/figure>\n\n\n\n<p><\/p>\n<div class=\"fb-background-color\">\n\t\t\t  <div \n\t\t\t  \tclass = \"fb-comments\" \n\t\t\t  \tdata-href = \"https:\/\/www.elpolitologoyelpolitico.com.ar\/wordpress\/2022\/09\/08\/el-intendente-zara-participo-de-la-inauguracion-de-la-feria-regional-de-educacion-arte-ciencia-y-tecnologia\/\"\n\t\t\t  \tdata-numposts = \"10\"\n\t\t\t  \tdata-lazy = \"true\"\n\t\t\t\tdata-colorscheme = \"light\"\n\t\t\t\tdata-order-by = \"social\"\n\t\t\t\tdata-mobile=true>\n\t\t\t  <\/div><\/div>\n\t\t  <style>\n\t\t    .fb-background-color {\n\t\t\t\tbackground: #ffffff !important;\n\t\t\t}\n\t\t\t.fb_iframe_widget_fluid_desktop iframe {\n\t\t\t    width: 100% !important;\n\t\t\t}\n\t\t  <\/style>\n\t\t  ","protected":false},"excerpt":{"rendered":"<p>El Intendente Municipal, Ing. Jos\u00e9 Luis Zara, particip\u00f3 este mi\u00e9rcoles de la apertura de la Feria Regional de Educaci\u00f3n, Arte, Ciencia y Tecnolog\u00eda, que se realiz\u00f3 en el Puerto de Ingeniero White, Bah\u00eda Blanca. La ceremonia fue encabezada por el presidente del puerto de Bah\u00eda Blanca, Federico Susbielles, y el Jefe de la Regi\u00f3n Educativa [&hellip;]<\/p>\n","protected":false},"author":4,"featured_media":24150,"comment_status":"closed","ping_status":"closed","sticky":false,"template":"","format":"standard","meta":{"_joinchat":[],"footnotes":""},"categories":[39],"tags":[],"class_list":["post-24149","post","type-post","status-publish","format-standard","has-post-thumbnail","hentry","category-en-esta-seccion"],"_links":{"self":[{"href":"https:\/\/www.elpolitologoyelpolitico.com.ar\/wordpress\/wp-json\/wp\/v2\/posts\/24149","targetHints":{"allow":["GET"]}}],"collection":[{"href":"https:\/\/www.elpolitologoyelpolitico.com.ar\/wordpress\/wp-json\/wp\/v2\/posts"}],"about":[{"href":"https:\/\/www.elpolitologoyelpolitico.com.ar\/wordpress\/wp-json\/wp\/v2\/types\/post"}],"author":[{"embeddable":true,"href":"https:\/\/www.elpolitologoyelpolitico.com.ar\/wordpress\/wp-json\/wp\/v2\/users\/4"}],"replies":[{"embeddable":true,"href":"https:\/\/www.elpolitologoyelpolitico.com.ar\/wordpress\/wp-json\/wp\/v2\/comments?post=24149"}],"version-history":[{"count":0,"href":"https:\/\/www.elpolitologoyelpolitico.com.ar\/wordpress\/wp-json\/wp\/v2\/posts\/24149\/revisions"}],"wp:featuredmedia":[{"embeddable":true,"href":"https:\/\/www.elpolitologoyelpolitico.com.ar\/wordpress\/wp-json\/wp\/v2\/media\/24150"}],"wp:attachment":[{"href":"https:\/\/www.elpolitologoyelpolitico.com.ar\/wordpress\/wp-json\/wp\/v2\/media?parent=24149"}],"wp:term":[{"taxonomy":"category","embeddable":true,"href":"https:\/\/www.elpolitologoyelpolitico.com.ar\/wordpress\/wp-json\/wp\/v2\/categories?post=24149"},{"taxonomy":"post_tag","embeddable":true,"href":"https:\/\/www.elpolitologoyelpolitico.com.ar\/wordpress\/wp-json\/wp\/v2\/tags?post=24149"}],"curies":[{"name":"wp","href":"https:\/\/api.w.org\/{rel}","templated":true}]}}