{"id":24145,"date":"2022-09-08T01:09:07","date_gmt":"2022-09-08T01:09:07","guid":{"rendered":"https:\/\/www.elpolitologoyelpolitico.com.ar\/wordpress\/?p=24145"},"modified":"2022-09-08T01:09:43","modified_gmt":"2022-09-08T01:09:43","slug":"guayubira-reggae-se-presenta-en-el-ciclo-municipal-en-escena","status":"publish","type":"post","link":"https:\/\/www.elpolitologoyelpolitico.com.ar\/wordpress\/2022\/09\/08\/guayubira-reggae-se-presenta-en-el-ciclo-municipal-en-escena\/","title":{"rendered":"Guayubira Reggae\u201d se presenta en el ciclo municipal En Escena"},"content":{"rendered":"\n<p>El pr\u00f3ximo s\u00e1bado 10 de septiembre se presentar\u00e1 la banda \u201cGuayubira Reggae\u201d en la sala Mayor del Centro Municipal de Cultura, en el marco del ciclo \u201cEn Escena\u201d.<\/p>\n\n\n\n<p>La propuesta organizada por el gobierno de Viedma a trav\u00e9s de la subsecretar\u00eda de Cultura, es con entrada libre y gratuita y comenzar\u00e1 a partir de las 20.<\/p>\n\n\n\n<p>El programa \u201cEn Escena\u201d est\u00e1 destinado a apoyar y visibilizar el trabajo de m\u00fasicos y grupos musicales de la Comarca, instal\u00e1ndose en la agenda cultural de la zona como uno de los principales espacios de valoraci\u00f3n y reconocimientos a nuestros artistas.<\/p>\n\n\n\n<p><strong>Guayubira Reggae<\/strong><\/p>\n\n\n\n<p>Guayubira Reggae, es una banda de Carmen de Patagones integrada por Franco Giraudo en voz; Fernando Huircap\u00e1n en teclados; Jhonny Garc\u00eda en guitarra; Mart\u00edn Garc\u00eda en bater\u00eda; Marcos Pinta en bajo.<\/p>\n\n\n\n<p>Formada en el a\u00f1o 2020 por diferentes m\u00fasicos de amplia trayectoria en el \u00e1mbito local, cuentan con un primer disco editado que contiene 10 canciones, de los cuales 8 son temas propios, con letras que reflejan cuestiones cotidianas como as\u00ed tambi\u00e9n denuncias de diferentes injusticias , siendo portadores del mensaje de la m\u00fasica reggae.<\/p>\n\n\n\n<p>Este grupo cuenta con canal oficial Guayubira Reggae en la plataforma Youtube, donde se puede apreciar diversos videoclip grabados en full HD con producci\u00f3n de SGRP films, muchos de ellos difundidos en medios regionales y nacionales.<\/p>\n<div class=\"fb-background-color\">\n\t\t\t  <div \n\t\t\t  \tclass = \"fb-comments\" \n\t\t\t  \tdata-href = \"https:\/\/www.elpolitologoyelpolitico.com.ar\/wordpress\/2022\/09\/08\/guayubira-reggae-se-presenta-en-el-ciclo-municipal-en-escena\/\"\n\t\t\t  \tdata-numposts = \"10\"\n\t\t\t  \tdata-lazy = \"true\"\n\t\t\t\tdata-colorscheme = \"light\"\n\t\t\t\tdata-order-by = \"social\"\n\t\t\t\tdata-mobile=true>\n\t\t\t  <\/div><\/div>\n\t\t  <style>\n\t\t    .fb-background-color {\n\t\t\t\tbackground: #ffffff !important;\n\t\t\t}\n\t\t\t.fb_iframe_widget_fluid_desktop iframe {\n\t\t\t    width: 100% !important;\n\t\t\t}\n\t\t  <\/style>\n\t\t  ","protected":false},"excerpt":{"rendered":"<p>El pr\u00f3ximo s\u00e1bado 10 de septiembre se presentar\u00e1 la banda \u201cGuayubira Reggae\u201d en la sala Mayor del Centro Municipal de Cultura, en el marco del ciclo \u201cEn Escena\u201d. La propuesta organizada por el gobierno de Viedma a trav\u00e9s de la subsecretar\u00eda de Cultura, es con entrada libre y gratuita y comenzar\u00e1 a partir de las [&hellip;]<\/p>\n","protected":false},"author":4,"featured_media":24146,"comment_status":"closed","ping_status":"closed","sticky":false,"template":"","format":"standard","meta":{"_joinchat":[],"footnotes":""},"categories":[39],"tags":[],"class_list":["post-24145","post","type-post","status-publish","format-standard","has-post-thumbnail","hentry","category-en-esta-seccion"],"_links":{"self":[{"href":"https:\/\/www.elpolitologoyelpolitico.com.ar\/wordpress\/wp-json\/wp\/v2\/posts\/24145","targetHints":{"allow":["GET"]}}],"collection":[{"href":"https:\/\/www.elpolitologoyelpolitico.com.ar\/wordpress\/wp-json\/wp\/v2\/posts"}],"about":[{"href":"https:\/\/www.elpolitologoyelpolitico.com.ar\/wordpress\/wp-json\/wp\/v2\/types\/post"}],"author":[{"embeddable":true,"href":"https:\/\/www.elpolitologoyelpolitico.com.ar\/wordpress\/wp-json\/wp\/v2\/users\/4"}],"replies":[{"embeddable":true,"href":"https:\/\/www.elpolitologoyelpolitico.com.ar\/wordpress\/wp-json\/wp\/v2\/comments?post=24145"}],"version-history":[{"count":0,"href":"https:\/\/www.elpolitologoyelpolitico.com.ar\/wordpress\/wp-json\/wp\/v2\/posts\/24145\/revisions"}],"wp:featuredmedia":[{"embeddable":true,"href":"https:\/\/www.elpolitologoyelpolitico.com.ar\/wordpress\/wp-json\/wp\/v2\/media\/24146"}],"wp:attachment":[{"href":"https:\/\/www.elpolitologoyelpolitico.com.ar\/wordpress\/wp-json\/wp\/v2\/media?parent=24145"}],"wp:term":[{"taxonomy":"category","embeddable":true,"href":"https:\/\/www.elpolitologoyelpolitico.com.ar\/wordpress\/wp-json\/wp\/v2\/categories?post=24145"},{"taxonomy":"post_tag","embeddable":true,"href":"https:\/\/www.elpolitologoyelpolitico.com.ar\/wordpress\/wp-json\/wp\/v2\/tags?post=24145"}],"curies":[{"name":"wp","href":"https:\/\/api.w.org\/{rel}","templated":true}]}}