{"id":24106,"date":"2022-09-06T15:32:26","date_gmt":"2022-09-06T15:32:26","guid":{"rendered":"https:\/\/www.elpolitologoyelpolitico.com.ar\/wordpress\/?p=24106"},"modified":"2022-09-06T15:32:53","modified_gmt":"2022-09-06T15:32:53","slug":"patagones-se-reunio-la-comision-en-defensa-de-los-derechos-sobre-el-agua-del-rio-negro","status":"publish","type":"post","link":"https:\/\/www.elpolitologoyelpolitico.com.ar\/wordpress\/2022\/09\/06\/patagones-se-reunio-la-comision-en-defensa-de-los-derechos-sobre-el-agua-del-rio-negro\/","title":{"rendered":"PATAGONES: Se reuni\u00f3 la Comisi\u00f3n en Defensa de los Derechos sobre el Agua del R\u00edo Negro"},"content":{"rendered":"\n<p>Se realiz\u00f3 en el recinto del HCD la primera reuni\u00f3n de la comisi\u00f3n en defensa de los derechos sobre el agua del Rio Negro.&nbsp;<\/p>\n\n\n\n<p>El presidente del HCD, Julio Costantino dio la bienvenida a los presentes y realiz\u00f3 una s\u00edntesis de los temas tratados en la convocatoria del d\u00eda 31 de agosto pasado, recordando los ejes de tratamiento que son agua para consumo humano, proyectos de utilizaci\u00f3n del agua para riego productivo y estabilizaci\u00f3n de la margen norte del rio Negro, que se encuentra deteriorada. Esta Comisi\u00f3n quedo conformada con representantes de distintos sectores del Partido de Patagones.&nbsp;<\/p>\n\n\n\n<p>La comisi\u00f3n debati\u00f3 el orden de prioridades de los pasos a seguir, cu\u00e1l ser\u00e1 la presentaci\u00f3n que se le realizar\u00e1 al Se\u00f1or Reyes, si es que asiste a la convocatoria del d\u00eda 7 de septiembre a la Sesi\u00f3n del HCD y sobre cu\u00e1les son los denominadores comunes en este reclamo sobre el agua, el uso y satisfacci\u00f3n de necesidades y el uso productivo. Se plantearon objetivos inmediatos a corto y largo plazo.&nbsp;<\/p>\n\n\n\n<p>Al momento de las conclusiones se resolvi\u00f3 llevar adelante las siguientes acciones: Solicitar al representante de la provincia de Buenos Aires en AIC, Javier Reyes la imputaci\u00f3n preventiva de 100 metros c\u00fabicos para Patagones, de los 200 c\u00fabicos solicitados por la Provincia de Buenos Aires.&nbsp;&nbsp;<\/p>\n\n\n\n<p>Tambi\u00e9n sugiri\u00f3 que se conforme dentro de la estructura municipal un \u00e1rea jer\u00e1rquica para administrar el riego y los proyectos de desarrollo, con un consejo asesor de t\u00e9cnicos.&nbsp;&nbsp;<\/p>\n\n\n\n<p>La comisi\u00f3n representativa que se entrevistar\u00e1 con el Se\u00f1or Reyes estar\u00e1 integrada por el Presidente del HCD, un t\u00e9cnico, un representante del Poder Ejecutivo Municipal, un representante de la Asociaci\u00f3n Rural de Patagones, un representante de la Asociaci\u00f3n Agr\u00edcola Ganadera de Villalonga, un representante de la Asociaci\u00f3n Rural de Stroeder .<\/p>\n\n\n\n<p><strong>Estuvieron Presentes:&nbsp;<\/strong><\/p>\n\n\n\n<p>El Presidente del HCD, Julio Costantino, la Secretaria Legislativa M\u00f3nica Devia. Los Concejales Ricardo Angos, Ariel Zvenger y Mariel Cinirella. La Subsecretaria de Desarrollo Territorial, Elo\u00edsa Gaido, el arquitecto Alfredo Ruiz.&nbsp;<\/p>\n\n\n\n<p>H\u00e9ctor Bizet y Jorge Waisman de la Asociaci\u00f3n Agr\u00edcola Ganadera e Industrial de Villalonga, Andr\u00e9s Grand, jefe de Agencia INTA Patagones, Carlos Adami y Edgardo V\u00e1zquez, vecinos de Stroeder, Luis Martin de la Asociaci\u00f3n Rural de Stroeder, Abel Dietz de la Asociaci\u00f3n Rural de Patagones, el arquitecto Miguel Novo, vecino Patagones, Alberto Martin Rodr\u00edguez, productor de Patagones, Juan Luis Aldo Humble ambientalista.<\/p>\n\n\n\n<figure class=\"wp-block-image size-full\"><img fetchpriority=\"high\" decoding=\"async\" width=\"720\" height=\"477\" src=\"https:\/\/www.elpolitologoyelpolitico.com.ar\/wp-content\/uploads\/2022\/09\/IMG-20220905-WA0061.jpg\" alt=\"\" class=\"wp-image-24108\" srcset=\"https:\/\/www.elpolitologoyelpolitico.com.ar\/wp-content\/uploads\/2022\/09\/IMG-20220905-WA0061.jpg 720w, https:\/\/www.elpolitologoyelpolitico.com.ar\/wp-content\/uploads\/2022\/09\/IMG-20220905-WA0061-300x199.jpg 300w\" sizes=\"(max-width: 720px) 100vw, 720px\" \/><\/figure>\n<div class=\"fb-background-color\">\n\t\t\t  <div \n\t\t\t  \tclass = \"fb-comments\" \n\t\t\t  \tdata-href = \"https:\/\/www.elpolitologoyelpolitico.com.ar\/wordpress\/2022\/09\/06\/patagones-se-reunio-la-comision-en-defensa-de-los-derechos-sobre-el-agua-del-rio-negro\/\"\n\t\t\t  \tdata-numposts = \"10\"\n\t\t\t  \tdata-lazy = \"true\"\n\t\t\t\tdata-colorscheme = \"light\"\n\t\t\t\tdata-order-by = \"social\"\n\t\t\t\tdata-mobile=true>\n\t\t\t  <\/div><\/div>\n\t\t  <style>\n\t\t    .fb-background-color {\n\t\t\t\tbackground: #ffffff !important;\n\t\t\t}\n\t\t\t.fb_iframe_widget_fluid_desktop iframe {\n\t\t\t    width: 100% !important;\n\t\t\t}\n\t\t  <\/style>\n\t\t  ","protected":false},"excerpt":{"rendered":"<p>Se realiz\u00f3 en el recinto del HCD la primera reuni\u00f3n de la comisi\u00f3n en defensa de los derechos sobre el agua del Rio Negro.&nbsp; El presidente del HCD, Julio Costantino dio la bienvenida a los presentes y realiz\u00f3 una s\u00edntesis de los temas tratados en la convocatoria del d\u00eda 31 de agosto pasado, recordando los [&hellip;]<\/p>\n","protected":false},"author":4,"featured_media":24107,"comment_status":"closed","ping_status":"closed","sticky":false,"template":"","format":"standard","meta":{"_joinchat":[],"footnotes":""},"categories":[39],"tags":[],"class_list":["post-24106","post","type-post","status-publish","format-standard","has-post-thumbnail","hentry","category-en-esta-seccion"],"_links":{"self":[{"href":"https:\/\/www.elpolitologoyelpolitico.com.ar\/wordpress\/wp-json\/wp\/v2\/posts\/24106","targetHints":{"allow":["GET"]}}],"collection":[{"href":"https:\/\/www.elpolitologoyelpolitico.com.ar\/wordpress\/wp-json\/wp\/v2\/posts"}],"about":[{"href":"https:\/\/www.elpolitologoyelpolitico.com.ar\/wordpress\/wp-json\/wp\/v2\/types\/post"}],"author":[{"embeddable":true,"href":"https:\/\/www.elpolitologoyelpolitico.com.ar\/wordpress\/wp-json\/wp\/v2\/users\/4"}],"replies":[{"embeddable":true,"href":"https:\/\/www.elpolitologoyelpolitico.com.ar\/wordpress\/wp-json\/wp\/v2\/comments?post=24106"}],"version-history":[{"count":0,"href":"https:\/\/www.elpolitologoyelpolitico.com.ar\/wordpress\/wp-json\/wp\/v2\/posts\/24106\/revisions"}],"wp:featuredmedia":[{"embeddable":true,"href":"https:\/\/www.elpolitologoyelpolitico.com.ar\/wordpress\/wp-json\/wp\/v2\/media\/24107"}],"wp:attachment":[{"href":"https:\/\/www.elpolitologoyelpolitico.com.ar\/wordpress\/wp-json\/wp\/v2\/media?parent=24106"}],"wp:term":[{"taxonomy":"category","embeddable":true,"href":"https:\/\/www.elpolitologoyelpolitico.com.ar\/wordpress\/wp-json\/wp\/v2\/categories?post=24106"},{"taxonomy":"post_tag","embeddable":true,"href":"https:\/\/www.elpolitologoyelpolitico.com.ar\/wordpress\/wp-json\/wp\/v2\/tags?post=24106"}],"curies":[{"name":"wp","href":"https:\/\/api.w.org\/{rel}","templated":true}]}}