{"id":24089,"date":"2022-09-06T15:13:13","date_gmt":"2022-09-06T15:13:13","guid":{"rendered":"https:\/\/www.elpolitologoyelpolitico.com.ar\/wordpress\/?p=24089"},"modified":"2022-09-06T15:13:51","modified_gmt":"2022-09-06T15:13:51","slug":"patagones-fue-reconocido-por-su-politica-municipal-de-habitat-y-programa-un-lote-una-vivienda","status":"publish","type":"post","link":"https:\/\/www.elpolitologoyelpolitico.com.ar\/wordpress\/2022\/09\/06\/patagones-fue-reconocido-por-su-politica-municipal-de-habitat-y-programa-un-lote-una-vivienda\/","title":{"rendered":"Patagones fue reconocido por su Pol\u00edtica Municipal de H\u00e1bitat y Programa Un Lote = Una Vivienda"},"content":{"rendered":"\n<p>Este lunes, el Intendente Municipal, Ing. Jos\u00e9 Luis Zara, junto al Coordinador del \u00c1rea Municipal de H\u00e1bitat, Gerardo S\u00e1nchez, particip\u00f3 de la II Jornada de Planificaci\u00f3n y Desarrollo Territorial, en el Centro Cultural Kirchner, en la ciudad de Buenos Aires.&nbsp;<\/p>\n\n\n\n<p>La ceremonia fue presidida por el Ministro de Desarrollo Territorial y H\u00e1bitat, Jorge Ferraresi, acompa\u00f1ado por el gobernador de Chaco, Jorge Capitanich, y funcionarios nacionales.&nbsp;<\/p>\n\n\n\n<p>En la ocasi\u00f3n el jefe comunal recibi\u00f3 el respectivo diploma con Menci\u00f3n Especial por parte de la Secretar\u00eda de Desarrollo Territorial de la Naci\u00f3n y un refuerzo de equipamiento inform\u00e1tico para la comuna, que consta de cinco computadoras completas.<\/p>\n\n\n\n<p>El reconocimiento fue al&nbsp; proyecto presentado en el concurso \u00abConcurso de Experiencias Innovadoras de Planificaci\u00f3n, Desarrollo Territorial y Pol\u00edticas de Suelo para la Reconstrucci\u00f3n Argentina\u00bb, en la edici\u00f3n 2021, donde Patagones, a trav\u00e9s del \u00c1rea de H\u00e1bitat Municipal, present\u00f3 la Experiencia \u201cPol\u00edtica Municipal de H\u00e1bitat y Programa Un Lote = Una Vivienda\u201d.&nbsp;<\/p>\n\n\n\n<p>Finalizado el certamen, el Distrito se ubic\u00f3 en el 8\u00b0puesto entre 20 experiencias de planificaci\u00f3n territorial y urbana aplicadas por gobiernos provinciales y municipales de todo el pa\u00eds.<\/p>\n\n\n\n<p>Los proyectos ser\u00e1n publicados en el libro \u201cExperiencias destacadas en pol\u00edticas territoriales y de gesti\u00f3n de suelo en Argentina\u201d, ya que el objetivo principal del concurso es difundirlas para su posible replicaci\u00f3n en otras localidades del pa\u00eds.<\/p>\n\n\n\n<figure class=\"wp-block-gallery has-nested-images columns-default is-cropped wp-block-gallery-1 is-layout-flex wp-block-gallery-is-layout-flex\">\n<figure class=\"wp-block-image size-large\"><img fetchpriority=\"high\" decoding=\"async\" width=\"558\" height=\"324\" data-id=\"24094\" src=\"https:\/\/www.elpolitologoyelpolitico.com.ar\/wp-content\/uploads\/2022\/09\/IMG-20220905-WA0055-1.jpg\" alt=\"\" class=\"wp-image-24094\" srcset=\"https:\/\/www.elpolitologoyelpolitico.com.ar\/wp-content\/uploads\/2022\/09\/IMG-20220905-WA0055-1.jpg 558w, https:\/\/www.elpolitologoyelpolitico.com.ar\/wp-content\/uploads\/2022\/09\/IMG-20220905-WA0055-1-300x174.jpg 300w\" sizes=\"(max-width: 558px) 100vw, 558px\" \/><\/figure>\n\n\n\n<figure class=\"wp-block-image size-large\"><img decoding=\"async\" width=\"720\" height=\"324\" data-id=\"24095\" src=\"https:\/\/www.elpolitologoyelpolitico.com.ar\/wp-content\/uploads\/2022\/09\/IMG-20220905-WA0058-1.jpg\" alt=\"\" class=\"wp-image-24095\" srcset=\"https:\/\/www.elpolitologoyelpolitico.com.ar\/wp-content\/uploads\/2022\/09\/IMG-20220905-WA0058-1.jpg 720w, https:\/\/www.elpolitologoyelpolitico.com.ar\/wp-content\/uploads\/2022\/09\/IMG-20220905-WA0058-1-300x135.jpg 300w\" sizes=\"(max-width: 720px) 100vw, 720px\" \/><\/figure>\n<\/figure>\n\n\n\n<figure class=\"wp-block-gallery has-nested-images columns-default is-cropped wp-block-gallery-2 is-layout-flex wp-block-gallery-is-layout-flex\">\n<figure class=\"wp-block-image size-large\"><img decoding=\"async\" width=\"461\" height=\"1024\" data-id=\"24091\" src=\"https:\/\/www.elpolitologoyelpolitico.com.ar\/wp-content\/uploads\/2022\/09\/IMG-20220905-WA0056-461x1024.jpg\" alt=\"\" class=\"wp-image-24091\" srcset=\"https:\/\/www.elpolitologoyelpolitico.com.ar\/wp-content\/uploads\/2022\/09\/IMG-20220905-WA0056-461x1024.jpg 461w, https:\/\/www.elpolitologoyelpolitico.com.ar\/wp-content\/uploads\/2022\/09\/IMG-20220905-WA0056-135x300.jpg 135w, https:\/\/www.elpolitologoyelpolitico.com.ar\/wp-content\/uploads\/2022\/09\/IMG-20220905-WA0056.jpg 576w\" sizes=\"(max-width: 461px) 100vw, 461px\" \/><\/figure>\n<\/figure>\n\n\n\n<figure class=\"wp-block-image size-full\"><img loading=\"lazy\" decoding=\"async\" width=\"720\" height=\"324\" src=\"https:\/\/www.elpolitologoyelpolitico.com.ar\/wp-content\/uploads\/2022\/09\/IMG-20220905-WA0057-1.jpg\" alt=\"\" class=\"wp-image-24096\" srcset=\"https:\/\/www.elpolitologoyelpolitico.com.ar\/wp-content\/uploads\/2022\/09\/IMG-20220905-WA0057-1.jpg 720w, https:\/\/www.elpolitologoyelpolitico.com.ar\/wp-content\/uploads\/2022\/09\/IMG-20220905-WA0057-1-300x135.jpg 300w\" sizes=\"(max-width: 720px) 100vw, 720px\" \/><\/figure>\n<div class=\"fb-background-color\">\n\t\t\t  <div \n\t\t\t  \tclass = \"fb-comments\" \n\t\t\t  \tdata-href = \"https:\/\/www.elpolitologoyelpolitico.com.ar\/wordpress\/2022\/09\/06\/patagones-fue-reconocido-por-su-politica-municipal-de-habitat-y-programa-un-lote-una-vivienda\/\"\n\t\t\t  \tdata-numposts = \"10\"\n\t\t\t  \tdata-lazy = \"true\"\n\t\t\t\tdata-colorscheme = \"light\"\n\t\t\t\tdata-order-by = \"social\"\n\t\t\t\tdata-mobile=true>\n\t\t\t  <\/div><\/div>\n\t\t  <style>\n\t\t    .fb-background-color {\n\t\t\t\tbackground: #ffffff !important;\n\t\t\t}\n\t\t\t.fb_iframe_widget_fluid_desktop iframe {\n\t\t\t    width: 100% !important;\n\t\t\t}\n\t\t  <\/style>\n\t\t  ","protected":false},"excerpt":{"rendered":"<p>Este lunes, el Intendente Municipal, Ing. Jos\u00e9 Luis Zara, junto al Coordinador del \u00c1rea Municipal de H\u00e1bitat, Gerardo S\u00e1nchez, particip\u00f3 de la II Jornada de Planificaci\u00f3n y Desarrollo Territorial, en el Centro Cultural Kirchner, en la ciudad de Buenos Aires.&nbsp; La ceremonia fue presidida por el Ministro de Desarrollo Territorial y H\u00e1bitat, Jorge Ferraresi, acompa\u00f1ado [&hellip;]<\/p>\n","protected":false},"author":4,"featured_media":24090,"comment_status":"closed","ping_status":"closed","sticky":false,"template":"","format":"standard","meta":{"_joinchat":[],"footnotes":""},"categories":[39],"tags":[],"class_list":["post-24089","post","type-post","status-publish","format-standard","has-post-thumbnail","hentry","category-en-esta-seccion"],"_links":{"self":[{"href":"https:\/\/www.elpolitologoyelpolitico.com.ar\/wordpress\/wp-json\/wp\/v2\/posts\/24089","targetHints":{"allow":["GET"]}}],"collection":[{"href":"https:\/\/www.elpolitologoyelpolitico.com.ar\/wordpress\/wp-json\/wp\/v2\/posts"}],"about":[{"href":"https:\/\/www.elpolitologoyelpolitico.com.ar\/wordpress\/wp-json\/wp\/v2\/types\/post"}],"author":[{"embeddable":true,"href":"https:\/\/www.elpolitologoyelpolitico.com.ar\/wordpress\/wp-json\/wp\/v2\/users\/4"}],"replies":[{"embeddable":true,"href":"https:\/\/www.elpolitologoyelpolitico.com.ar\/wordpress\/wp-json\/wp\/v2\/comments?post=24089"}],"version-history":[{"count":0,"href":"https:\/\/www.elpolitologoyelpolitico.com.ar\/wordpress\/wp-json\/wp\/v2\/posts\/24089\/revisions"}],"wp:featuredmedia":[{"embeddable":true,"href":"https:\/\/www.elpolitologoyelpolitico.com.ar\/wordpress\/wp-json\/wp\/v2\/media\/24090"}],"wp:attachment":[{"href":"https:\/\/www.elpolitologoyelpolitico.com.ar\/wordpress\/wp-json\/wp\/v2\/media?parent=24089"}],"wp:term":[{"taxonomy":"category","embeddable":true,"href":"https:\/\/www.elpolitologoyelpolitico.com.ar\/wordpress\/wp-json\/wp\/v2\/categories?post=24089"},{"taxonomy":"post_tag","embeddable":true,"href":"https:\/\/www.elpolitologoyelpolitico.com.ar\/wordpress\/wp-json\/wp\/v2\/tags?post=24089"}],"curies":[{"name":"wp","href":"https:\/\/api.w.org\/{rel}","templated":true}]}}