{"id":2407,"date":"2021-04-30T00:50:27","date_gmt":"2021-04-30T00:50:27","guid":{"rendered":"https:\/\/www.elpolitologoyelpolitico.com.ar\/wordpress\/?p=2407"},"modified":"2021-04-30T00:51:47","modified_gmt":"2021-04-30T00:51:47","slug":"tratamos-proyectos-que-los-vecinos-nos-alcanzan-y-aquellos-que-creemos-necesarios-para-el-partido","status":"publish","type":"post","link":"https:\/\/www.elpolitologoyelpolitico.com.ar\/wordpress\/2021\/04\/30\/tratamos-proyectos-que-los-vecinos-nos-alcanzan-y-aquellos-que-creemos-necesarios-para-el-partido\/","title":{"rendered":"\u201cTratamos proyectos que los vecinos nos alcanzan y aquellos que creemos necesarios para el Partido\u201d"},"content":{"rendered":"\t\t<div data-elementor-type=\"wp-post\" data-elementor-id=\"2407\" class=\"elementor elementor-2407\">\n\t\t\t\t\t\t<section class=\"elementor-section elementor-top-section elementor-element elementor-element-44475d23 elementor-section-boxed elementor-section-height-default elementor-section-height-default\" data-id=\"44475d23\" data-element_type=\"section\" data-e-type=\"section\">\n\t\t\t\t\t\t<div class=\"elementor-container elementor-column-gap-default\">\n\t\t\t\t\t<div class=\"elementor-column elementor-col-100 elementor-top-column elementor-element elementor-element-171cd33\" data-id=\"171cd33\" data-element_type=\"column\" data-e-type=\"column\">\n\t\t\t<div class=\"elementor-widget-wrap elementor-element-populated\">\n\t\t\t\t\t\t<div class=\"elementor-element elementor-element-603339b1 elementor-widget elementor-widget-text-editor\" data-id=\"603339b1\" data-element_type=\"widget\" data-e-type=\"widget\" data-widget_type=\"text-editor.default\">\n\t\t\t\t<div class=\"elementor-widget-container\">\n\t\t\t\t\t\t\t\t\t\n<p>Romina Colombi, concejal de Patagones&nbsp; (Juntos por el Cambio) dio a conocer la situaci\u00f3n que se vivi\u00f3 el 7 de abril en el Honorable Concejo Deliberante cuando varios trabajadores del gremio UOCRA estaban demandando trabajo \u201cDebimos postergar la sesi\u00f3n para mas adelante\u201d.<\/p>\n\n\n\n<p>Desde el bloque de Juntos por el cambio, se viene trabajando en diversos proyectos; la l\u00ednea de colectivo que une Bah\u00eda Blanca con Carmen de Patagones, badenes para Juan A. Pradere, un proyecto de concientizaci\u00f3n sobre el uso de las cuencas del R\u00edo Limay, Neuqu\u00e9n y Negro, entre otros.<\/p>\n\n\n\n<p><strong>\u201cTratamos proyectos que los vecinos nos alcanzan y aquellos que creemos necesarios para el Partido\u201d<\/strong> sostuvo la concejal.<\/p>\n\n\n\n<p>Con respecto al \u00e1mbito educativo,&nbsp; Colombi declar\u00f3<strong> &nbsp;\u201ccreemos que las clases&nbsp; presenciales tienen que seguir no solo por el conocimiento y la salud sino por lo que gener\u00f3 en los chicos y &nbsp;adolescentes el estar encerrados todo este tiempo\u201d<\/strong><\/p>\n\n\n\n<p>A nivel Nacional, el Bloque de Juntos por el Cambio se encuentra debatiendo la suspensi\u00f3n o no de las PASO y de las elecciones generales en nuestro pa\u00eds. La discusi\u00f3n para modificar el calendario electoral se agrava cada vez mas.<\/p>\n\n\n\n<p>Existe la posibilidad de que las PASO se realicen el 12 de septiembre y las elecciones generales el 14 de noviembre. Los diferentes espacios pol\u00edticos tendr\u00e1n tiempo (hasta 45 d\u00edas antes de la fecha de las elecciones generales) para que se oficialicen sus listas. En el Partido de Patagones, desde el bloque de Juntos por el cambio, planean reunirse&nbsp; para ver c\u00f3mo afrontar las pr\u00f3ximas elecciones, teniendo en cuenta el aumento de casos en las \u00faltimas semanas y la magnitud de gente que re\u00fane estos comicios.<\/p>\n\t\t\t\t\t\t\t\t<\/div>\n\t\t\t\t<\/div>\n\t\t\t\t\t<\/div>\n\t\t<\/div>\n\t\t\t\t\t<\/div>\n\t\t<\/section>\n\t\t\t\t<\/div>\n\t\t<div class=\"fb-background-color\">\n\t\t\t  <div \n\t\t\t  \tclass = \"fb-comments\" \n\t\t\t  \tdata-href = \"https:\/\/www.elpolitologoyelpolitico.com.ar\/wordpress\/2021\/04\/30\/tratamos-proyectos-que-los-vecinos-nos-alcanzan-y-aquellos-que-creemos-necesarios-para-el-partido\/\"\n\t\t\t  \tdata-numposts = \"10\"\n\t\t\t  \tdata-lazy = \"true\"\n\t\t\t\tdata-colorscheme = \"light\"\n\t\t\t\tdata-order-by = \"social\"\n\t\t\t\tdata-mobile=true>\n\t\t\t  <\/div><\/div>\n\t\t  <style>\n\t\t    .fb-background-color {\n\t\t\t\tbackground: #ffffff !important;\n\t\t\t}\n\t\t\t.fb_iframe_widget_fluid_desktop iframe {\n\t\t\t    width: 100% !important;\n\t\t\t}\n\t\t  <\/style>\n\t\t  ","protected":false},"excerpt":{"rendered":"<p>Romina Colombi, concejal de Patagones&nbsp; (Juntos por el Cambio) dio a conocer la situaci\u00f3n que se vivi\u00f3 el 7 de abril en el Honorable Concejo Deliberante cuando varios trabajadores del gremio UOCRA estaban demandando trabajo \u201cDebimos postergar la sesi\u00f3n para mas adelante\u201d. Desde el bloque de Juntos por el cambio, se viene trabajando en diversos [&hellip;]<\/p>\n","protected":false},"author":4,"featured_media":2408,"comment_status":"closed","ping_status":"closed","sticky":false,"template":"","format":"standard","meta":{"_joinchat":[],"footnotes":""},"categories":[21],"tags":[],"class_list":["post-2407","post","type-post","status-publish","format-standard","has-post-thumbnail","hentry","category-actores-politicos"],"_links":{"self":[{"href":"https:\/\/www.elpolitologoyelpolitico.com.ar\/wordpress\/wp-json\/wp\/v2\/posts\/2407","targetHints":{"allow":["GET"]}}],"collection":[{"href":"https:\/\/www.elpolitologoyelpolitico.com.ar\/wordpress\/wp-json\/wp\/v2\/posts"}],"about":[{"href":"https:\/\/www.elpolitologoyelpolitico.com.ar\/wordpress\/wp-json\/wp\/v2\/types\/post"}],"author":[{"embeddable":true,"href":"https:\/\/www.elpolitologoyelpolitico.com.ar\/wordpress\/wp-json\/wp\/v2\/users\/4"}],"replies":[{"embeddable":true,"href":"https:\/\/www.elpolitologoyelpolitico.com.ar\/wordpress\/wp-json\/wp\/v2\/comments?post=2407"}],"version-history":[{"count":0,"href":"https:\/\/www.elpolitologoyelpolitico.com.ar\/wordpress\/wp-json\/wp\/v2\/posts\/2407\/revisions"}],"wp:featuredmedia":[{"embeddable":true,"href":"https:\/\/www.elpolitologoyelpolitico.com.ar\/wordpress\/wp-json\/wp\/v2\/media\/2408"}],"wp:attachment":[{"href":"https:\/\/www.elpolitologoyelpolitico.com.ar\/wordpress\/wp-json\/wp\/v2\/media?parent=2407"}],"wp:term":[{"taxonomy":"category","embeddable":true,"href":"https:\/\/www.elpolitologoyelpolitico.com.ar\/wordpress\/wp-json\/wp\/v2\/categories?post=2407"},{"taxonomy":"post_tag","embeddable":true,"href":"https:\/\/www.elpolitologoyelpolitico.com.ar\/wordpress\/wp-json\/wp\/v2\/tags?post=2407"}],"curies":[{"name":"wp","href":"https:\/\/api.w.org\/{rel}","templated":true}]}}