{"id":2393,"date":"2021-04-29T20:23:09","date_gmt":"2021-04-29T20:23:09","guid":{"rendered":"https:\/\/www.elpolitologoyelpolitico.com.ar\/wordpress\/?p=2393"},"modified":"2021-04-29T20:24:46","modified_gmt":"2021-04-29T20:24:46","slug":"era-necesaria-la-decision-que-se-tomo-para-resguardar-la-salud-de-la-gente","status":"publish","type":"post","link":"https:\/\/www.elpolitologoyelpolitico.com.ar\/wordpress\/2021\/04\/29\/era-necesaria-la-decision-que-se-tomo-para-resguardar-la-salud-de-la-gente\/","title":{"rendered":"\u201cEra necesaria la decisi\u00f3n que se tomo para resguardar la salud de la gente\u201d"},"content":{"rendered":"\t\t<div data-elementor-type=\"wp-post\" data-elementor-id=\"2393\" class=\"elementor elementor-2393\">\n\t\t\t\t\t\t<section class=\"elementor-section elementor-top-section elementor-element elementor-element-3d2fbf03 elementor-section-boxed elementor-section-height-default elementor-section-height-default\" data-id=\"3d2fbf03\" data-element_type=\"section\" data-e-type=\"section\">\n\t\t\t\t\t\t<div class=\"elementor-container elementor-column-gap-default\">\n\t\t\t\t\t<div class=\"elementor-column elementor-col-100 elementor-top-column elementor-element elementor-element-33548c90\" data-id=\"33548c90\" data-element_type=\"column\" data-e-type=\"column\">\n\t\t\t<div class=\"elementor-widget-wrap elementor-element-populated\">\n\t\t\t\t\t\t<div class=\"elementor-element elementor-element-34224968 elementor-widget elementor-widget-text-editor\" data-id=\"34224968\" data-element_type=\"widget\" data-e-type=\"widget\" data-widget_type=\"text-editor.default\">\n\t\t\t\t<div class=\"elementor-widget-container\">\n\t\t\t\t\t\t\t\t\t\n<p>En el d\u00eda de hoy se presentar\u00e1n diversos proyectos legislativos en la 2da sesi\u00f3n ordinaria del 50\u00b0 periodo.<\/p>\n\n\n\n<p>Seg\u00fan el Legislador Marcelo Szczygol (Juntos Somos R\u00edo Negro) los proyectos de declaraci\u00f3n fueron; <strong>1205\/2020 &#8211; 05\/20\/21 &#8211; 72\/2021 &#8211; 76\/2021 &#8211; 104\/2021 &#8211; 154\/2021 &#8211; 191\/2021 &#8211; 261\/2021 &#8211; 274\/2021<\/strong><\/p>\n\n\n\n<p>Con respecto a las restricciones que se tomaron en Bariloche Y Dina Huapi el Legislador sostuvo <strong>\u201cEs algo necesario cuando el sistemas de salud est\u00e1 a punto de colapsar\u201d<\/strong> y agreg\u00f3<strong> \u201cEsto no sabemos cu\u00e1ndo va a terminar y era necesaria la decisi\u00f3n que se tom\u00f3 para resguardar la salud de la gente\u201d.<\/strong><\/p>\n\n\n\n<p>En cuanto a los reclamos por parte del gremio ATE y UPCN, Marcelo Szczygol afirm\u00f3<strong> \u201csi el reclamo es justo debe ser acompa\u00f1ado, mientras que no se avance en las libertades de los dem\u00e1s y no haya agresi\u00f3n esta todo m\u00e1s que justificado\u201d.<\/strong> El ex Secretario de Deportes hablo sobre lo sucedido en el acto conmemorativo por el 242 aniversario de la Ciudad de Viedma y expres\u00f3 <strong>\u201cLo que ocurri\u00f3 durante el acto de celebraci\u00f3n no era el momento adecuado, no fue bueno porque era el cumplea\u00f1os de nuestra Ciudad, m\u00e1s all\u00e1 que se le dio continuidad al acto\u201d.<\/strong><\/p>\n\n\n\n<figure class=\"wp-block-image size-large\"><img fetchpriority=\"high\" decoding=\"async\" width=\"720\" height=\"900\" src=\"http:\/\/www.elpolitologoyelpolitico.com.ar:8081\/wordpress\/wp-content\/uploads\/2021\/04\/WhatsApp-Image-2021-04-29-at-2.51.28-PM-1.jpeg\" alt=\"\" class=\"wp-image-2395\" srcset=\"https:\/\/www.elpolitologoyelpolitico.com.ar\/wp-content\/uploads\/2021\/04\/WhatsApp-Image-2021-04-29-at-2.51.28-PM-1.jpeg 720w, https:\/\/www.elpolitologoyelpolitico.com.ar\/wp-content\/uploads\/2021\/04\/WhatsApp-Image-2021-04-29-at-2.51.28-PM-1-240x300.jpeg 240w\" sizes=\"(max-width: 720px) 100vw, 720px\" \/><\/figure>\n\t\t\t\t\t\t\t\t<\/div>\n\t\t\t\t<\/div>\n\t\t\t\t\t<\/div>\n\t\t<\/div>\n\t\t\t\t\t<\/div>\n\t\t<\/section>\n\t\t\t\t<\/div>\n\t\t<div class=\"fb-background-color\">\n\t\t\t  <div \n\t\t\t  \tclass = \"fb-comments\" \n\t\t\t  \tdata-href = \"https:\/\/www.elpolitologoyelpolitico.com.ar\/wordpress\/2021\/04\/29\/era-necesaria-la-decision-que-se-tomo-para-resguardar-la-salud-de-la-gente\/\"\n\t\t\t  \tdata-numposts = \"10\"\n\t\t\t  \tdata-lazy = \"true\"\n\t\t\t\tdata-colorscheme = \"light\"\n\t\t\t\tdata-order-by = \"social\"\n\t\t\t\tdata-mobile=true>\n\t\t\t  <\/div><\/div>\n\t\t  <style>\n\t\t    .fb-background-color {\n\t\t\t\tbackground: #ffffff !important;\n\t\t\t}\n\t\t\t.fb_iframe_widget_fluid_desktop iframe {\n\t\t\t    width: 100% !important;\n\t\t\t}\n\t\t  <\/style>\n\t\t  ","protected":false},"excerpt":{"rendered":"<p>En el d\u00eda de hoy se presentar\u00e1n diversos proyectos legislativos en la 2da sesi\u00f3n ordinaria del 50\u00b0 periodo. Seg\u00fan el Legislador Marcelo Szczygol (Juntos Somos R\u00edo Negro) los proyectos de declaraci\u00f3n fueron; 1205\/2020 &#8211; 05\/20\/21 &#8211; 72\/2021 &#8211; 76\/2021 &#8211; 104\/2021 &#8211; 154\/2021 &#8211; 191\/2021 &#8211; 261\/2021 &#8211; 274\/2021 Con respecto a las restricciones que [&hellip;]<\/p>\n","protected":false},"author":4,"featured_media":2394,"comment_status":"closed","ping_status":"closed","sticky":false,"template":"","format":"standard","meta":{"_joinchat":[],"footnotes":""},"categories":[21],"tags":[],"class_list":["post-2393","post","type-post","status-publish","format-standard","has-post-thumbnail","hentry","category-actores-politicos"],"_links":{"self":[{"href":"https:\/\/www.elpolitologoyelpolitico.com.ar\/wordpress\/wp-json\/wp\/v2\/posts\/2393","targetHints":{"allow":["GET"]}}],"collection":[{"href":"https:\/\/www.elpolitologoyelpolitico.com.ar\/wordpress\/wp-json\/wp\/v2\/posts"}],"about":[{"href":"https:\/\/www.elpolitologoyelpolitico.com.ar\/wordpress\/wp-json\/wp\/v2\/types\/post"}],"author":[{"embeddable":true,"href":"https:\/\/www.elpolitologoyelpolitico.com.ar\/wordpress\/wp-json\/wp\/v2\/users\/4"}],"replies":[{"embeddable":true,"href":"https:\/\/www.elpolitologoyelpolitico.com.ar\/wordpress\/wp-json\/wp\/v2\/comments?post=2393"}],"version-history":[{"count":0,"href":"https:\/\/www.elpolitologoyelpolitico.com.ar\/wordpress\/wp-json\/wp\/v2\/posts\/2393\/revisions"}],"wp:featuredmedia":[{"embeddable":true,"href":"https:\/\/www.elpolitologoyelpolitico.com.ar\/wordpress\/wp-json\/wp\/v2\/media\/2394"}],"wp:attachment":[{"href":"https:\/\/www.elpolitologoyelpolitico.com.ar\/wordpress\/wp-json\/wp\/v2\/media?parent=2393"}],"wp:term":[{"taxonomy":"category","embeddable":true,"href":"https:\/\/www.elpolitologoyelpolitico.com.ar\/wordpress\/wp-json\/wp\/v2\/categories?post=2393"},{"taxonomy":"post_tag","embeddable":true,"href":"https:\/\/www.elpolitologoyelpolitico.com.ar\/wordpress\/wp-json\/wp\/v2\/tags?post=2393"}],"curies":[{"name":"wp","href":"https:\/\/api.w.org\/{rel}","templated":true}]}}