{"id":2387,"date":"2021-04-29T17:32:25","date_gmt":"2021-04-29T17:32:25","guid":{"rendered":"https:\/\/www.elpolitologoyelpolitico.com.ar\/wordpress\/?p=2387"},"modified":"2021-04-29T17:33:23","modified_gmt":"2021-04-29T17:33:23","slug":"continuan-las-capacitaciones-para-agentes-municipales-de-patagones","status":"publish","type":"post","link":"https:\/\/www.elpolitologoyelpolitico.com.ar\/wordpress\/2021\/04\/29\/continuan-las-capacitaciones-para-agentes-municipales-de-patagones\/","title":{"rendered":"Contin\u00faan las capacitaciones para agentes municipales de Patagones"},"content":{"rendered":"\t\t<div data-elementor-type=\"wp-post\" data-elementor-id=\"2387\" class=\"elementor elementor-2387\">\n\t\t\t\t\t\t<section class=\"elementor-section elementor-top-section elementor-element elementor-element-3ac03186 elementor-section-boxed elementor-section-height-default elementor-section-height-default\" data-id=\"3ac03186\" data-element_type=\"section\" data-e-type=\"section\">\n\t\t\t\t\t\t<div class=\"elementor-container elementor-column-gap-default\">\n\t\t\t\t\t<div class=\"elementor-column elementor-col-100 elementor-top-column elementor-element elementor-element-7f151c6e\" data-id=\"7f151c6e\" data-element_type=\"column\" data-e-type=\"column\">\n\t\t\t<div class=\"elementor-widget-wrap elementor-element-populated\">\n\t\t\t\t\t\t<div class=\"elementor-element elementor-element-4d5d0628 elementor-widget elementor-widget-text-editor\" data-id=\"4d5d0628\" data-element_type=\"widget\" data-e-type=\"widget\" data-widget_type=\"text-editor.default\">\n\t\t\t\t<div class=\"elementor-widget-container\">\n\t\t\t\t\t\t\t\t\t\n<p>A partir del convenio firmado en 2020, por el Intendente Zara, con el Municipio de Lan\u00fas, los agentes municipales de Patagones, tienen acceso a una variada oferta de capacitaci\u00f3n.<\/p>\n\n\n\n<p>Dicho convenio, a trav\u00e9s del Instituto de Capacitaci\u00f3n Municipal -ICAM-,&nbsp; del Municipio de Lan\u00fas, establece un cupo del 20 por ciento de participaci\u00f3n en los cursos y Diplomaturas, para los municipales de Patagones, e incluye una modalidad innovadora, que es la posibilidad de participaci\u00f3n de jubilados y familiares directos de los activos.<\/p>\n\n\n\n<p>Todas las actividades son en formato virtual, con entrega de los certificados correspondientes.<\/p>\n\n\n\n<p>Las propuestas que ya est\u00e1n en marcha son:<\/p>\n\n\n\n<p>-Diplomatura en gesti\u00f3n y administraci\u00f3n de riesgos<\/p>\n\n\n\n<p>-Diplomatura en Salud Mental y APS<\/p>\n\n\n\n<p>-Curso de Vacunadores para personal de Salud<\/p>\n\n\n\n<p>-C\u00edrculos de Aprendizaje<\/p>\n\n\n\n<p>-Comunicaci\u00f3n con Prop\u00f3sito, competencias actitudinales<\/p>\n\n\n\n<p>En los pr\u00f3ximos d\u00edas se publicar\u00e1n nuevas propuestas, al igual que durante el transcurso del a\u00f1o, desarrollando un trabajo conjunto entre ambos municipios.<\/p>\n\t\t\t\t\t\t\t\t<\/div>\n\t\t\t\t<\/div>\n\t\t\t\t\t<\/div>\n\t\t<\/div>\n\t\t\t\t\t<\/div>\n\t\t<\/section>\n\t\t\t\t<\/div>\n\t\t<div class=\"fb-background-color\">\n\t\t\t  <div \n\t\t\t  \tclass = \"fb-comments\" \n\t\t\t  \tdata-href = \"https:\/\/www.elpolitologoyelpolitico.com.ar\/wordpress\/2021\/04\/29\/continuan-las-capacitaciones-para-agentes-municipales-de-patagones\/\"\n\t\t\t  \tdata-numposts = \"10\"\n\t\t\t  \tdata-lazy = \"true\"\n\t\t\t\tdata-colorscheme = \"light\"\n\t\t\t\tdata-order-by = \"social\"\n\t\t\t\tdata-mobile=true>\n\t\t\t  <\/div><\/div>\n\t\t  <style>\n\t\t    .fb-background-color {\n\t\t\t\tbackground: #ffffff !important;\n\t\t\t}\n\t\t\t.fb_iframe_widget_fluid_desktop iframe {\n\t\t\t    width: 100% !important;\n\t\t\t}\n\t\t  <\/style>\n\t\t  ","protected":false},"excerpt":{"rendered":"<p>A partir del convenio firmado en 2020, por el Intendente Zara, con el Municipio de Lan\u00fas, los agentes municipales de Patagones, tienen acceso a una variada oferta de capacitaci\u00f3n. Dicho convenio, a trav\u00e9s del Instituto de Capacitaci\u00f3n Municipal -ICAM-,&nbsp; del Municipio de Lan\u00fas, establece un cupo del 20 por ciento de participaci\u00f3n en los cursos [&hellip;]<\/p>\n","protected":false},"author":4,"featured_media":2388,"comment_status":"closed","ping_status":"closed","sticky":false,"template":"","format":"standard","meta":{"_joinchat":[],"footnotes":""},"categories":[4],"tags":[],"class_list":["post-2387","post","type-post","status-publish","format-standard","has-post-thumbnail","hentry","category-politicas-publicas"],"_links":{"self":[{"href":"https:\/\/www.elpolitologoyelpolitico.com.ar\/wordpress\/wp-json\/wp\/v2\/posts\/2387","targetHints":{"allow":["GET"]}}],"collection":[{"href":"https:\/\/www.elpolitologoyelpolitico.com.ar\/wordpress\/wp-json\/wp\/v2\/posts"}],"about":[{"href":"https:\/\/www.elpolitologoyelpolitico.com.ar\/wordpress\/wp-json\/wp\/v2\/types\/post"}],"author":[{"embeddable":true,"href":"https:\/\/www.elpolitologoyelpolitico.com.ar\/wordpress\/wp-json\/wp\/v2\/users\/4"}],"replies":[{"embeddable":true,"href":"https:\/\/www.elpolitologoyelpolitico.com.ar\/wordpress\/wp-json\/wp\/v2\/comments?post=2387"}],"version-history":[{"count":0,"href":"https:\/\/www.elpolitologoyelpolitico.com.ar\/wordpress\/wp-json\/wp\/v2\/posts\/2387\/revisions"}],"wp:featuredmedia":[{"embeddable":true,"href":"https:\/\/www.elpolitologoyelpolitico.com.ar\/wordpress\/wp-json\/wp\/v2\/media\/2388"}],"wp:attachment":[{"href":"https:\/\/www.elpolitologoyelpolitico.com.ar\/wordpress\/wp-json\/wp\/v2\/media?parent=2387"}],"wp:term":[{"taxonomy":"category","embeddable":true,"href":"https:\/\/www.elpolitologoyelpolitico.com.ar\/wordpress\/wp-json\/wp\/v2\/categories?post=2387"},{"taxonomy":"post_tag","embeddable":true,"href":"https:\/\/www.elpolitologoyelpolitico.com.ar\/wordpress\/wp-json\/wp\/v2\/tags?post=2387"}],"curies":[{"name":"wp","href":"https:\/\/api.w.org\/{rel}","templated":true}]}}