{"id":2378,"date":"2021-04-29T17:28:34","date_gmt":"2021-04-29T17:28:34","guid":{"rendered":"https:\/\/www.elpolitologoyelpolitico.com.ar\/wordpress\/?p=2378"},"modified":"2021-04-29T17:29:37","modified_gmt":"2021-04-29T17:29:37","slug":"nueva-iluminacion-en-la-pista-de-la-salud-del-barrio-bicentenario","status":"publish","type":"post","link":"https:\/\/www.elpolitologoyelpolitico.com.ar\/wordpress\/2021\/04\/29\/nueva-iluminacion-en-la-pista-de-la-salud-del-barrio-bicentenario\/","title":{"rendered":"Nueva iluminaci\u00f3n en la Pista de la Salud del barrio Bicentenario"},"content":{"rendered":"\t\t<div data-elementor-type=\"wp-post\" data-elementor-id=\"2378\" class=\"elementor elementor-2378\">\n\t\t\t\t\t\t<section class=\"elementor-section elementor-top-section elementor-element elementor-element-2d9833f4 elementor-section-boxed elementor-section-height-default elementor-section-height-default\" data-id=\"2d9833f4\" data-element_type=\"section\" data-e-type=\"section\">\n\t\t\t\t\t\t<div class=\"elementor-container elementor-column-gap-default\">\n\t\t\t\t\t<div class=\"elementor-column elementor-col-100 elementor-top-column elementor-element elementor-element-20b79aab\" data-id=\"20b79aab\" data-element_type=\"column\" data-e-type=\"column\">\n\t\t\t<div class=\"elementor-widget-wrap elementor-element-populated\">\n\t\t\t\t\t\t<div class=\"elementor-element elementor-element-7b627dfc elementor-widget elementor-widget-text-editor\" data-id=\"7b627dfc\" data-element_type=\"widget\" data-e-type=\"widget\" data-widget_type=\"text-editor.default\">\n\t\t\t\t<div class=\"elementor-widget-container\">\n\t\t\t\t\t\t\t\t\t\n<p>Desde la semana pasada, la Pista de la Salud del barrio Bicentenario cuenta con unan nueva iluminaci\u00f3n.<\/p>\n\n\n\n<p>Lo confirm\u00f3 el responsable del Departamento de Alumbrado, Carlos Mayer, quien precis\u00f3 que \u201cen existencia hab\u00edan 18 columnas con focos de sodio de alta presi\u00f3n. Se agregaron 10 artefactos m\u00e1s y se realiz\u00f3 la recomposici\u00f3n de toda iluminaci\u00f3n a luces LED de 60 watt\u201d.<\/p>\n\n\n\n<p>Esto brindar\u00e1 no s\u00f3lo mayor seguridad en la zona, que habitualmente cuenta con una importante concurrencia, sino la optimizaci\u00f3n en el consumo de energ\u00eda el\u00e9ctrica.<\/p>\n\n\n\n<figure class=\"wp-block-gallery columns-3 is-cropped wp-block-gallery-2 is-layout-flex wp-block-gallery-is-layout-flex\"><ul class=\"blocks-gallery-grid\"><li class=\"blocks-gallery-item\"><figure><img fetchpriority=\"high\" decoding=\"async\" width=\"720\" height=\"399\" src=\"http:\/\/www.elpolitologoyelpolitico.com.ar:8081\/wordpress\/wp-content\/uploads\/2021\/04\/WhatsApp-Image-2021-04-29-at-12.20.43-PM.jpeg\" alt=\"\" data-id=\"2380\" data-link=\"http:\/\/www.elpolitologoyelpolitico.com.ar:8081\/wordpress\/?attachment_id=2380\" class=\"wp-image-2380\" srcset=\"https:\/\/www.elpolitologoyelpolitico.com.ar\/wp-content\/uploads\/2021\/04\/WhatsApp-Image-2021-04-29-at-12.20.43-PM.jpeg 720w, https:\/\/www.elpolitologoyelpolitico.com.ar\/wp-content\/uploads\/2021\/04\/WhatsApp-Image-2021-04-29-at-12.20.43-PM-300x166.jpeg 300w\" sizes=\"(max-width: 720px) 100vw, 720px\" \/><\/figure><\/li><li class=\"blocks-gallery-item\"><figure><img decoding=\"async\" width=\"720\" height=\"405\" src=\"http:\/\/www.elpolitologoyelpolitico.com.ar:8081\/wordpress\/wp-content\/uploads\/2021\/04\/WhatsApp-Image-2021-04-29-at-12.19.22-PM.jpeg\" alt=\"\" data-id=\"2381\" data-link=\"http:\/\/www.elpolitologoyelpolitico.com.ar:8081\/wordpress\/?attachment_id=2381\" class=\"wp-image-2381\" srcset=\"https:\/\/www.elpolitologoyelpolitico.com.ar\/wp-content\/uploads\/2021\/04\/WhatsApp-Image-2021-04-29-at-12.19.22-PM.jpeg 720w, https:\/\/www.elpolitologoyelpolitico.com.ar\/wp-content\/uploads\/2021\/04\/WhatsApp-Image-2021-04-29-at-12.19.22-PM-300x169.jpeg 300w\" sizes=\"(max-width: 720px) 100vw, 720px\" \/><\/figure><\/li><li class=\"blocks-gallery-item\"><figure><img decoding=\"async\" width=\"720\" height=\"444\" src=\"http:\/\/www.elpolitologoyelpolitico.com.ar:8081\/wordpress\/wp-content\/uploads\/2021\/04\/WhatsApp-Image-2021-04-29-at-12.19.22-PM-2.jpeg\" alt=\"\" data-id=\"2382\" data-full-url=\"http:\/\/www.elpolitologoyelpolitico.com.ar:8081\/wordpress\/wp-content\/uploads\/2021\/04\/WhatsApp-Image-2021-04-29-at-12.19.22-PM-2.jpeg\" data-link=\"http:\/\/www.elpolitologoyelpolitico.com.ar:8081\/wordpress\/?attachment_id=2382\" class=\"wp-image-2382\" srcset=\"https:\/\/www.elpolitologoyelpolitico.com.ar\/wp-content\/uploads\/2021\/04\/WhatsApp-Image-2021-04-29-at-12.19.22-PM-2.jpeg 720w, https:\/\/www.elpolitologoyelpolitico.com.ar\/wp-content\/uploads\/2021\/04\/WhatsApp-Image-2021-04-29-at-12.19.22-PM-2-300x185.jpeg 300w\" sizes=\"(max-width: 720px) 100vw, 720px\" \/><\/figure><\/li><\/ul><\/figure>\n\t\t\t\t\t\t\t\t<\/div>\n\t\t\t\t<\/div>\n\t\t\t\t\t<\/div>\n\t\t<\/div>\n\t\t\t\t\t<\/div>\n\t\t<\/section>\n\t\t\t\t<\/div>\n\t\t<div class=\"fb-background-color\">\n\t\t\t  <div \n\t\t\t  \tclass = \"fb-comments\" \n\t\t\t  \tdata-href = \"https:\/\/www.elpolitologoyelpolitico.com.ar\/wordpress\/2021\/04\/29\/nueva-iluminacion-en-la-pista-de-la-salud-del-barrio-bicentenario\/\"\n\t\t\t  \tdata-numposts = \"10\"\n\t\t\t  \tdata-lazy = \"true\"\n\t\t\t\tdata-colorscheme = \"light\"\n\t\t\t\tdata-order-by = \"social\"\n\t\t\t\tdata-mobile=true>\n\t\t\t  <\/div><\/div>\n\t\t  <style>\n\t\t    .fb-background-color {\n\t\t\t\tbackground: #ffffff !important;\n\t\t\t}\n\t\t\t.fb_iframe_widget_fluid_desktop iframe {\n\t\t\t    width: 100% !important;\n\t\t\t}\n\t\t  <\/style>\n\t\t  ","protected":false},"excerpt":{"rendered":"<p>Desde la semana pasada, la Pista de la Salud del barrio Bicentenario cuenta con unan nueva iluminaci\u00f3n. Lo confirm\u00f3 el responsable del Departamento de Alumbrado, Carlos Mayer, quien precis\u00f3 que \u201cen existencia hab\u00edan 18 columnas con focos de sodio de alta presi\u00f3n. Se agregaron 10 artefactos m\u00e1s y se realiz\u00f3 la recomposici\u00f3n de toda iluminaci\u00f3n [&hellip;]<\/p>\n","protected":false},"author":4,"featured_media":2379,"comment_status":"closed","ping_status":"closed","sticky":false,"template":"","format":"standard","meta":{"_joinchat":[],"footnotes":""},"categories":[4],"tags":[],"class_list":["post-2378","post","type-post","status-publish","format-standard","has-post-thumbnail","hentry","category-politicas-publicas"],"_links":{"self":[{"href":"https:\/\/www.elpolitologoyelpolitico.com.ar\/wordpress\/wp-json\/wp\/v2\/posts\/2378","targetHints":{"allow":["GET"]}}],"collection":[{"href":"https:\/\/www.elpolitologoyelpolitico.com.ar\/wordpress\/wp-json\/wp\/v2\/posts"}],"about":[{"href":"https:\/\/www.elpolitologoyelpolitico.com.ar\/wordpress\/wp-json\/wp\/v2\/types\/post"}],"author":[{"embeddable":true,"href":"https:\/\/www.elpolitologoyelpolitico.com.ar\/wordpress\/wp-json\/wp\/v2\/users\/4"}],"replies":[{"embeddable":true,"href":"https:\/\/www.elpolitologoyelpolitico.com.ar\/wordpress\/wp-json\/wp\/v2\/comments?post=2378"}],"version-history":[{"count":0,"href":"https:\/\/www.elpolitologoyelpolitico.com.ar\/wordpress\/wp-json\/wp\/v2\/posts\/2378\/revisions"}],"wp:featuredmedia":[{"embeddable":true,"href":"https:\/\/www.elpolitologoyelpolitico.com.ar\/wordpress\/wp-json\/wp\/v2\/media\/2379"}],"wp:attachment":[{"href":"https:\/\/www.elpolitologoyelpolitico.com.ar\/wordpress\/wp-json\/wp\/v2\/media?parent=2378"}],"wp:term":[{"taxonomy":"category","embeddable":true,"href":"https:\/\/www.elpolitologoyelpolitico.com.ar\/wordpress\/wp-json\/wp\/v2\/categories?post=2378"},{"taxonomy":"post_tag","embeddable":true,"href":"https:\/\/www.elpolitologoyelpolitico.com.ar\/wordpress\/wp-json\/wp\/v2\/tags?post=2378"}],"curies":[{"name":"wp","href":"https:\/\/api.w.org\/{rel}","templated":true}]}}