{"id":23724,"date":"2022-08-25T02:50:57","date_gmt":"2022-08-25T02:50:57","guid":{"rendered":"https:\/\/www.elpolitologoyelpolitico.com.ar\/wordpress\/?p=23724"},"modified":"2022-08-25T02:51:30","modified_gmt":"2022-08-25T02:51:30","slug":"alberto-fernandez-nisman-se-suicido-espero-que-el-fiscal-luciani-no-haga-algo-asi","status":"publish","type":"post","link":"https:\/\/www.elpolitologoyelpolitico.com.ar\/wordpress\/2022\/08\/25\/alberto-fernandez-nisman-se-suicido-espero-que-el-fiscal-luciani-no-haga-algo-asi\/","title":{"rendered":"Alberto Fern\u00e1ndez; \u201cNisman se suicid\u00f3. Espero que el Fiscal Luciani no haga algo as\u00ed\u00bb"},"content":{"rendered":"\n<p>El presidente Alberto Fern\u00e1ndez se refiri\u00f3 al juicio de Cristina Fern\u00e1ndez de Kirchner.&nbsp;<\/p>\n\n\n\n<p>Expres\u00f3 \u201cNisman se suicidio y hasta ac\u00e1 no se probo otra cosa\u201d.<\/p>\n\n\n\n<p>Con respecto al Fiscal Diego Luciani indic\u00f3 \u201c\u00c9l cumple el rol de Fiscal en un juicio y el crey\u00f3 cumplirla adecuadamente y me pareci\u00f3 una debilidad jur\u00eddica asombrosa\u201d.<\/p>\n\n\n\n<p>Por \u00faltimo el Presidente de la Republica Argentina sostuvo \u201cYo lo escuche y la verdad que me parece un disparate todo lo que dijo. Yo espero que la justicia reencause esta situaci\u00f3n\u201d.<\/p>\n<div class=\"fb-background-color\">\n\t\t\t  <div \n\t\t\t  \tclass = \"fb-comments\" \n\t\t\t  \tdata-href = \"https:\/\/www.elpolitologoyelpolitico.com.ar\/wordpress\/2022\/08\/25\/alberto-fernandez-nisman-se-suicido-espero-que-el-fiscal-luciani-no-haga-algo-asi\/\"\n\t\t\t  \tdata-numposts = \"10\"\n\t\t\t  \tdata-lazy = \"true\"\n\t\t\t\tdata-colorscheme = \"light\"\n\t\t\t\tdata-order-by = \"social\"\n\t\t\t\tdata-mobile=true>\n\t\t\t  <\/div><\/div>\n\t\t  <style>\n\t\t    .fb-background-color {\n\t\t\t\tbackground: #ffffff !important;\n\t\t\t}\n\t\t\t.fb_iframe_widget_fluid_desktop iframe {\n\t\t\t    width: 100% !important;\n\t\t\t}\n\t\t  <\/style>\n\t\t  ","protected":false},"excerpt":{"rendered":"<p>El presidente Alberto Fern\u00e1ndez se refiri\u00f3 al juicio de Cristina Fern\u00e1ndez de Kirchner.&nbsp; Expres\u00f3 \u201cNisman se suicidio y hasta ac\u00e1 no se probo otra cosa\u201d. Con respecto al Fiscal Diego Luciani indic\u00f3 \u201c\u00c9l cumple el rol de Fiscal en un juicio y el crey\u00f3 cumplirla adecuadamente y me pareci\u00f3 una debilidad jur\u00eddica asombrosa\u201d. Por \u00faltimo [&hellip;]<\/p>\n","protected":false},"author":4,"featured_media":23725,"comment_status":"closed","ping_status":"closed","sticky":false,"template":"","format":"standard","meta":{"_joinchat":[],"footnotes":""},"categories":[21],"tags":[],"class_list":["post-23724","post","type-post","status-publish","format-standard","has-post-thumbnail","hentry","category-actores-politicos"],"_links":{"self":[{"href":"https:\/\/www.elpolitologoyelpolitico.com.ar\/wordpress\/wp-json\/wp\/v2\/posts\/23724","targetHints":{"allow":["GET"]}}],"collection":[{"href":"https:\/\/www.elpolitologoyelpolitico.com.ar\/wordpress\/wp-json\/wp\/v2\/posts"}],"about":[{"href":"https:\/\/www.elpolitologoyelpolitico.com.ar\/wordpress\/wp-json\/wp\/v2\/types\/post"}],"author":[{"embeddable":true,"href":"https:\/\/www.elpolitologoyelpolitico.com.ar\/wordpress\/wp-json\/wp\/v2\/users\/4"}],"replies":[{"embeddable":true,"href":"https:\/\/www.elpolitologoyelpolitico.com.ar\/wordpress\/wp-json\/wp\/v2\/comments?post=23724"}],"version-history":[{"count":0,"href":"https:\/\/www.elpolitologoyelpolitico.com.ar\/wordpress\/wp-json\/wp\/v2\/posts\/23724\/revisions"}],"wp:featuredmedia":[{"embeddable":true,"href":"https:\/\/www.elpolitologoyelpolitico.com.ar\/wordpress\/wp-json\/wp\/v2\/media\/23725"}],"wp:attachment":[{"href":"https:\/\/www.elpolitologoyelpolitico.com.ar\/wordpress\/wp-json\/wp\/v2\/media?parent=23724"}],"wp:term":[{"taxonomy":"category","embeddable":true,"href":"https:\/\/www.elpolitologoyelpolitico.com.ar\/wordpress\/wp-json\/wp\/v2\/categories?post=23724"},{"taxonomy":"post_tag","embeddable":true,"href":"https:\/\/www.elpolitologoyelpolitico.com.ar\/wordpress\/wp-json\/wp\/v2\/tags?post=23724"}],"curies":[{"name":"wp","href":"https:\/\/api.w.org\/{rel}","templated":true}]}}