{"id":2356,"date":"2021-04-29T01:00:15","date_gmt":"2021-04-29T01:00:15","guid":{"rendered":"https:\/\/www.elpolitologoyelpolitico.com.ar\/wordpress\/?p=2356"},"modified":"2021-04-29T01:02:57","modified_gmt":"2021-04-29T01:02:57","slug":"durante-el-2020-en-nuestro-pais-fue-un-gran-desafio-gobernar-para-el-sistema-democratico","status":"publish","type":"post","link":"https:\/\/www.elpolitologoyelpolitico.com.ar\/wordpress\/2021\/04\/29\/durante-el-2020-en-nuestro-pais-fue-un-gran-desafio-gobernar-para-el-sistema-democratico\/","title":{"rendered":"\u201cDurante el 2020 en nuestro pa\u00eds fue un gran desaf\u00edo gobernar para el sistema democr\u00e1tico\u201d"},"content":{"rendered":"\t\t<div data-elementor-type=\"wp-post\" data-elementor-id=\"2356\" class=\"elementor elementor-2356\">\n\t\t\t\t\t\t<section class=\"elementor-section elementor-top-section elementor-element elementor-element-778957b4 elementor-section-boxed elementor-section-height-default elementor-section-height-default\" data-id=\"778957b4\" data-element_type=\"section\" data-e-type=\"section\">\n\t\t\t\t\t\t<div class=\"elementor-container elementor-column-gap-default\">\n\t\t\t\t\t<div class=\"elementor-column elementor-col-100 elementor-top-column elementor-element elementor-element-3bae7018\" data-id=\"3bae7018\" data-element_type=\"column\" data-e-type=\"column\">\n\t\t\t<div class=\"elementor-widget-wrap elementor-element-populated\">\n\t\t\t\t\t\t<div class=\"elementor-element elementor-element-1e9157a2 elementor-widget elementor-widget-text-editor\" data-id=\"1e9157a2\" data-element_type=\"widget\" data-e-type=\"widget\" data-widget_type=\"text-editor.default\">\n\t\t\t\t<div class=\"elementor-widget-container\">\n\t\t\t\t\t\t\t\t\t\n<p>Pedro Bichara, es Concejal de Viedma y pertenece al Partido Pol\u00edtico Juntos Somos R\u00edo Negro. Empez\u00f3 a participar en la pol\u00edtica militando en un sindicato docente y en el Peronismo. Actualmente, trabaja en conjunto con el actual intendente de Viedma, Pedro Pesatti.<\/p>\n\n\n\n<p>\u201cDurante el 2020 en nuestro pa\u00eds fue un gran desaf\u00edo gobernar para el sistema democr\u00e1tico y tengo el convencimiento de que la enorme responsabilidad pasa por los hombres y mujeres que est\u00e1n en la gesti\u00f3n independientemente del Partido que sean\u201d sostuvo el Concejal<\/p>\n\n\n\n<p>Desde la comisi\u00f3n de planeamiento, donde rige la legislaci\u00f3n de urbanizaci\u00f3n de la ciudad se viene trabajando en distintos proyectos, como la sesi\u00f3n de tierras, la emergencia en h\u00e1bitat que dio inicio el a\u00f1o pasado y la pr\u00f3rroga de la emergencia alimentaria.<\/p>\n\n\n\n<p>Para este a\u00f1o, desde el oficialismo contin\u00faan trabajando en funci\u00f3n de pasar de \u201cla igualdad a la equidad\u201d esperando la evoluci\u00f3n de las medidas sanitarias.<\/p>\n\n\n\n<p>Con respecto a las pol\u00edticas p\u00fablicas a implementarse pr\u00f3ximamente Pedro Bichara manifest\u00f3 <strong>\u201cEn el aniversario se anunciaron obras por m\u00e1s de\u00a0 ochocientos millones\u00a0 de pesos y tenemos un horizonte m\u00e1s que importante para las obras p\u00fablicas, trabajo para los viedmenses y obviamente un alivio al sector de los trabajadores de la construcci\u00f3n pero tambi\u00e9n un sue\u00f1o a concretarse que es la casa propia\u201d <\/strong>y agreg\u00f3 <strong>\u201cVamos a tratar de avanzar sin inconvenientes y si existen mas restricciones obviamente eso quedara pendiente\u201d.<\/strong><\/p>\n\n\n\n<figure class=\"wp-block-gallery columns-1 is-cropped wp-block-gallery-2 is-layout-flex wp-block-gallery-is-layout-flex\"><ul class=\"blocks-gallery-grid\"><li class=\"blocks-gallery-item\"><figure><img fetchpriority=\"high\" decoding=\"async\" width=\"720\" height=\"540\" src=\"http:\/\/www.elpolitologoyelpolitico.com.ar:8081\/wordpress\/wp-content\/uploads\/2021\/04\/WhatsApp-Image-2021-04-28-at-9.50.42-PM.jpeg\" alt=\"\" data-id=\"2360\" data-full-url=\"http:\/\/www.elpolitologoyelpolitico.com.ar:8081\/wordpress\/wp-content\/uploads\/2021\/04\/WhatsApp-Image-2021-04-28-at-9.50.42-PM.jpeg\" data-link=\"http:\/\/www.elpolitologoyelpolitico.com.ar:8081\/wordpress\/2021\/04\/29\/durante-el-2020-en-nuestro-pais-fue-un-gran-desafio-gobernar-para-el-sistema-democratico\/whatsapp-image-2021-04-28-at-9-50-42-pm\/\" class=\"wp-image-2360\" srcset=\"https:\/\/www.elpolitologoyelpolitico.com.ar\/wp-content\/uploads\/2021\/04\/WhatsApp-Image-2021-04-28-at-9.50.42-PM.jpeg 720w, https:\/\/www.elpolitologoyelpolitico.com.ar\/wp-content\/uploads\/2021\/04\/WhatsApp-Image-2021-04-28-at-9.50.42-PM-300x225.jpeg 300w\" sizes=\"(max-width: 720px) 100vw, 720px\" \/><\/figure><\/li><\/ul><\/figure>\n\t\t\t\t\t\t\t\t<\/div>\n\t\t\t\t<\/div>\n\t\t\t\t\t<\/div>\n\t\t<\/div>\n\t\t\t\t\t<\/div>\n\t\t<\/section>\n\t\t\t\t<\/div>\n\t\t<div class=\"fb-background-color\">\n\t\t\t  <div \n\t\t\t  \tclass = \"fb-comments\" \n\t\t\t  \tdata-href = \"https:\/\/www.elpolitologoyelpolitico.com.ar\/wordpress\/2021\/04\/29\/durante-el-2020-en-nuestro-pais-fue-un-gran-desafio-gobernar-para-el-sistema-democratico\/\"\n\t\t\t  \tdata-numposts = \"10\"\n\t\t\t  \tdata-lazy = \"true\"\n\t\t\t\tdata-colorscheme = \"light\"\n\t\t\t\tdata-order-by = \"social\"\n\t\t\t\tdata-mobile=true>\n\t\t\t  <\/div><\/div>\n\t\t  <style>\n\t\t    .fb-background-color {\n\t\t\t\tbackground: #ffffff !important;\n\t\t\t}\n\t\t\t.fb_iframe_widget_fluid_desktop iframe {\n\t\t\t    width: 100% !important;\n\t\t\t}\n\t\t  <\/style>\n\t\t  ","protected":false},"excerpt":{"rendered":"<p>Pedro Bichara, es Concejal de Viedma y pertenece al Partido Pol\u00edtico Juntos Somos R\u00edo Negro. Empez\u00f3 a participar en la pol\u00edtica militando en un sindicato docente y en el Peronismo. Actualmente, trabaja en conjunto con el actual intendente de Viedma, Pedro Pesatti. \u201cDurante el 2020 en nuestro pa\u00eds fue un gran desaf\u00edo gobernar para el [&hellip;]<\/p>\n","protected":false},"author":4,"featured_media":2359,"comment_status":"closed","ping_status":"closed","sticky":false,"template":"","format":"standard","meta":{"_joinchat":[],"footnotes":""},"categories":[21],"tags":[],"class_list":["post-2356","post","type-post","status-publish","format-standard","has-post-thumbnail","hentry","category-actores-politicos"],"_links":{"self":[{"href":"https:\/\/www.elpolitologoyelpolitico.com.ar\/wordpress\/wp-json\/wp\/v2\/posts\/2356","targetHints":{"allow":["GET"]}}],"collection":[{"href":"https:\/\/www.elpolitologoyelpolitico.com.ar\/wordpress\/wp-json\/wp\/v2\/posts"}],"about":[{"href":"https:\/\/www.elpolitologoyelpolitico.com.ar\/wordpress\/wp-json\/wp\/v2\/types\/post"}],"author":[{"embeddable":true,"href":"https:\/\/www.elpolitologoyelpolitico.com.ar\/wordpress\/wp-json\/wp\/v2\/users\/4"}],"replies":[{"embeddable":true,"href":"https:\/\/www.elpolitologoyelpolitico.com.ar\/wordpress\/wp-json\/wp\/v2\/comments?post=2356"}],"version-history":[{"count":0,"href":"https:\/\/www.elpolitologoyelpolitico.com.ar\/wordpress\/wp-json\/wp\/v2\/posts\/2356\/revisions"}],"wp:featuredmedia":[{"embeddable":true,"href":"https:\/\/www.elpolitologoyelpolitico.com.ar\/wordpress\/wp-json\/wp\/v2\/media\/2359"}],"wp:attachment":[{"href":"https:\/\/www.elpolitologoyelpolitico.com.ar\/wordpress\/wp-json\/wp\/v2\/media?parent=2356"}],"wp:term":[{"taxonomy":"category","embeddable":true,"href":"https:\/\/www.elpolitologoyelpolitico.com.ar\/wordpress\/wp-json\/wp\/v2\/categories?post=2356"},{"taxonomy":"post_tag","embeddable":true,"href":"https:\/\/www.elpolitologoyelpolitico.com.ar\/wordpress\/wp-json\/wp\/v2\/tags?post=2356"}],"curies":[{"name":"wp","href":"https:\/\/api.w.org\/{rel}","templated":true}]}}