{"id":23456,"date":"2022-08-17T15:08:34","date_gmt":"2022-08-17T15:08:34","guid":{"rendered":"https:\/\/www.elpolitologoyelpolitico.com.ar\/wordpress\/?p=23456"},"modified":"2022-08-17T15:11:36","modified_gmt":"2022-08-17T15:11:36","slug":"recibimiento-programado-de-contingentes-turisticos","status":"publish","type":"post","link":"https:\/\/www.elpolitologoyelpolitico.com.ar\/wordpress\/2022\/08\/17\/recibimiento-programado-de-contingentes-turisticos\/","title":{"rendered":"Recibimiento programado de contingentes tur\u00edsticos"},"content":{"rendered":"\n<p>La Municipalidad de Patagones a trav\u00e9s de la Subsecretaria de Desarrollo Territorial informa que, producto del trabajo de promoci\u00f3n y las gestiones efectuadas por la Direcci\u00f3n de Turismo de Patagones, se har\u00e1 efectivo el recibimiento de contingentes de visitantes provenientes de las provincias norte\u00f1as de Corrientes y Chaco, quienes reiterar\u00e1n su visita a la ciudad con salidas programadas para los meses de septiembre, octubre y noviembre.&nbsp;<\/p>\n\n\n\n<p>Esto denota el crecimiento progresivo y afianzamiento paulatino de la oferta de productos y servicios tur\u00edsticos como fuente de desarrollo local y el efecto dinamizador del turismo en la regi\u00f3n como herramienta de promoci\u00f3n y crecimiento econ\u00f3mico.<\/p>\n\n\n\n<figure class=\"wp-block-image size-full\"><img fetchpriority=\"high\" decoding=\"async\" width=\"720\" height=\"540\" src=\"https:\/\/www.elpolitologoyelpolitico.com.ar\/wp-content\/uploads\/2022\/08\/IMG-20220816-WA0057.jpg\" alt=\"\" class=\"wp-image-23458\" srcset=\"https:\/\/www.elpolitologoyelpolitico.com.ar\/wp-content\/uploads\/2022\/08\/IMG-20220816-WA0057.jpg 720w, https:\/\/www.elpolitologoyelpolitico.com.ar\/wp-content\/uploads\/2022\/08\/IMG-20220816-WA0057-300x225.jpg 300w\" sizes=\"(max-width: 720px) 100vw, 720px\" \/><\/figure>\n<div class=\"fb-background-color\">\n\t\t\t  <div \n\t\t\t  \tclass = \"fb-comments\" \n\t\t\t  \tdata-href = \"https:\/\/www.elpolitologoyelpolitico.com.ar\/wordpress\/2022\/08\/17\/recibimiento-programado-de-contingentes-turisticos\/\"\n\t\t\t  \tdata-numposts = \"10\"\n\t\t\t  \tdata-lazy = \"true\"\n\t\t\t\tdata-colorscheme = \"light\"\n\t\t\t\tdata-order-by = \"social\"\n\t\t\t\tdata-mobile=true>\n\t\t\t  <\/div><\/div>\n\t\t  <style>\n\t\t    .fb-background-color {\n\t\t\t\tbackground: #ffffff !important;\n\t\t\t}\n\t\t\t.fb_iframe_widget_fluid_desktop iframe {\n\t\t\t    width: 100% !important;\n\t\t\t}\n\t\t  <\/style>\n\t\t  ","protected":false},"excerpt":{"rendered":"<p>La Municipalidad de Patagones a trav\u00e9s de la Subsecretaria de Desarrollo Territorial informa que, producto del trabajo de promoci\u00f3n y las gestiones efectuadas por la Direcci\u00f3n de Turismo de Patagones, se har\u00e1 efectivo el recibimiento de contingentes de visitantes provenientes de las provincias norte\u00f1as de Corrientes y Chaco, quienes reiterar\u00e1n su visita a la ciudad [&hellip;]<\/p>\n","protected":false},"author":4,"featured_media":23457,"comment_status":"closed","ping_status":"closed","sticky":false,"template":"","format":"standard","meta":{"_joinchat":[],"footnotes":""},"categories":[39],"tags":[],"class_list":["post-23456","post","type-post","status-publish","format-standard","has-post-thumbnail","hentry","category-en-esta-seccion"],"_links":{"self":[{"href":"https:\/\/www.elpolitologoyelpolitico.com.ar\/wordpress\/wp-json\/wp\/v2\/posts\/23456","targetHints":{"allow":["GET"]}}],"collection":[{"href":"https:\/\/www.elpolitologoyelpolitico.com.ar\/wordpress\/wp-json\/wp\/v2\/posts"}],"about":[{"href":"https:\/\/www.elpolitologoyelpolitico.com.ar\/wordpress\/wp-json\/wp\/v2\/types\/post"}],"author":[{"embeddable":true,"href":"https:\/\/www.elpolitologoyelpolitico.com.ar\/wordpress\/wp-json\/wp\/v2\/users\/4"}],"replies":[{"embeddable":true,"href":"https:\/\/www.elpolitologoyelpolitico.com.ar\/wordpress\/wp-json\/wp\/v2\/comments?post=23456"}],"version-history":[{"count":0,"href":"https:\/\/www.elpolitologoyelpolitico.com.ar\/wordpress\/wp-json\/wp\/v2\/posts\/23456\/revisions"}],"wp:featuredmedia":[{"embeddable":true,"href":"https:\/\/www.elpolitologoyelpolitico.com.ar\/wordpress\/wp-json\/wp\/v2\/media\/23457"}],"wp:attachment":[{"href":"https:\/\/www.elpolitologoyelpolitico.com.ar\/wordpress\/wp-json\/wp\/v2\/media?parent=23456"}],"wp:term":[{"taxonomy":"category","embeddable":true,"href":"https:\/\/www.elpolitologoyelpolitico.com.ar\/wordpress\/wp-json\/wp\/v2\/categories?post=23456"},{"taxonomy":"post_tag","embeddable":true,"href":"https:\/\/www.elpolitologoyelpolitico.com.ar\/wordpress\/wp-json\/wp\/v2\/tags?post=23456"}],"curies":[{"name":"wp","href":"https:\/\/api.w.org\/{rel}","templated":true}]}}