{"id":23446,"date":"2022-08-17T02:59:08","date_gmt":"2022-08-17T02:59:08","guid":{"rendered":"https:\/\/www.elpolitologoyelpolitico.com.ar\/wordpress\/?p=23446"},"modified":"2022-08-17T02:59:41","modified_gmt":"2022-08-17T02:59:41","slug":"primer-doctorado-del-curza","status":"publish","type":"post","link":"https:\/\/www.elpolitologoyelpolitico.com.ar\/wordpress\/2022\/08\/17\/primer-doctorado-del-curza\/","title":{"rendered":"Primer Doctorado del CURZA"},"content":{"rendered":"\n<p>En el d\u00eda de hoy la CONEAU ha notificado a las autoridades del Centro Universitario Regional Zona Atl\u00e1ntica su recomendaci\u00f3n para que se otorgue el reconocimiento oficial a la nueva carrera de Doctorado en Estudios Pol\u00edticos y Culturales, a dictarse en la ciudad de Viedma, Provincia de R\u00edo Negro.<\/p>\n\n\n\n<p>Esta propuesta, que constituye el primer Doctorado del CURZA y el primero en su tipo en la Comarca, se propone formar recursos humanos de la m\u00e1s alta excelencia, con una perspectiva cr\u00edtica, plural y transdisciplinar, que aporten nuevos y originales conocimientos en el campo de las Ciencias Sociales y Humanas y puedan brindar herramientas para la soluci\u00f3n de las diversas problem\u00e1ticas locales, regionales y nacionales vinculadas con el campo de la pol\u00edtica y la cultura.<\/p>\n\n\n\n<p>Con esta iniciativa se incrementa la oferta de posgrado de la Universidad Nacional del Comahue, fundamentalmente en el \u00e1rea de las Ciencias Sociales y Humanas y aporta a la consolidaci\u00f3n de la inserci\u00f3n de la Universidad Nacional del Comahue en la Norpatagonia, aportando en la formaci\u00f3n de profesionales comprometidos con los derechos humanos y los valores de la democracia.<\/p>\n\n\n\n<p>El Doctorado, que en los pr\u00f3ximos meses abrir\u00e1 su inscripci\u00f3n, presenta una estructura curricular semiestructurada y un plantel docente que cumple con las m\u00e1ximas exigencias del organismo evaluador, siendo su Directora la Dra. Martha Esther RUFFINI y su Co Directora, la Dra. Mar\u00eda Teresa VARELA.<\/p>\n<div class=\"fb-background-color\">\n\t\t\t  <div \n\t\t\t  \tclass = \"fb-comments\" \n\t\t\t  \tdata-href = \"https:\/\/www.elpolitologoyelpolitico.com.ar\/wordpress\/2022\/08\/17\/primer-doctorado-del-curza\/\"\n\t\t\t  \tdata-numposts = \"10\"\n\t\t\t  \tdata-lazy = \"true\"\n\t\t\t\tdata-colorscheme = \"light\"\n\t\t\t\tdata-order-by = \"social\"\n\t\t\t\tdata-mobile=true>\n\t\t\t  <\/div><\/div>\n\t\t  <style>\n\t\t    .fb-background-color {\n\t\t\t\tbackground: #ffffff !important;\n\t\t\t}\n\t\t\t.fb_iframe_widget_fluid_desktop iframe {\n\t\t\t    width: 100% !important;\n\t\t\t}\n\t\t  <\/style>\n\t\t  ","protected":false},"excerpt":{"rendered":"<p>En el d\u00eda de hoy la CONEAU ha notificado a las autoridades del Centro Universitario Regional Zona Atl\u00e1ntica su recomendaci\u00f3n para que se otorgue el reconocimiento oficial a la nueva carrera de Doctorado en Estudios Pol\u00edticos y Culturales, a dictarse en la ciudad de Viedma, Provincia de R\u00edo Negro. Esta propuesta, que constituye el primer [&hellip;]<\/p>\n","protected":false},"author":4,"featured_media":23447,"comment_status":"closed","ping_status":"closed","sticky":false,"template":"","format":"standard","meta":{"_joinchat":[],"footnotes":""},"categories":[39],"tags":[],"class_list":["post-23446","post","type-post","status-publish","format-standard","has-post-thumbnail","hentry","category-en-esta-seccion"],"_links":{"self":[{"href":"https:\/\/www.elpolitologoyelpolitico.com.ar\/wordpress\/wp-json\/wp\/v2\/posts\/23446","targetHints":{"allow":["GET"]}}],"collection":[{"href":"https:\/\/www.elpolitologoyelpolitico.com.ar\/wordpress\/wp-json\/wp\/v2\/posts"}],"about":[{"href":"https:\/\/www.elpolitologoyelpolitico.com.ar\/wordpress\/wp-json\/wp\/v2\/types\/post"}],"author":[{"embeddable":true,"href":"https:\/\/www.elpolitologoyelpolitico.com.ar\/wordpress\/wp-json\/wp\/v2\/users\/4"}],"replies":[{"embeddable":true,"href":"https:\/\/www.elpolitologoyelpolitico.com.ar\/wordpress\/wp-json\/wp\/v2\/comments?post=23446"}],"version-history":[{"count":0,"href":"https:\/\/www.elpolitologoyelpolitico.com.ar\/wordpress\/wp-json\/wp\/v2\/posts\/23446\/revisions"}],"wp:featuredmedia":[{"embeddable":true,"href":"https:\/\/www.elpolitologoyelpolitico.com.ar\/wordpress\/wp-json\/wp\/v2\/media\/23447"}],"wp:attachment":[{"href":"https:\/\/www.elpolitologoyelpolitico.com.ar\/wordpress\/wp-json\/wp\/v2\/media?parent=23446"}],"wp:term":[{"taxonomy":"category","embeddable":true,"href":"https:\/\/www.elpolitologoyelpolitico.com.ar\/wordpress\/wp-json\/wp\/v2\/categories?post=23446"},{"taxonomy":"post_tag","embeddable":true,"href":"https:\/\/www.elpolitologoyelpolitico.com.ar\/wordpress\/wp-json\/wp\/v2\/tags?post=23446"}],"curies":[{"name":"wp","href":"https:\/\/api.w.org\/{rel}","templated":true}]}}