{"id":23432,"date":"2022-08-17T01:03:54","date_gmt":"2022-08-17T01:03:54","guid":{"rendered":"https:\/\/www.elpolitologoyelpolitico.com.ar\/wordpress\/?p=23432"},"modified":"2022-08-17T01:07:07","modified_gmt":"2022-08-17T01:07:07","slug":"el-bloque-fdt-se-hizo-eco-del-reclamo-docente-y-pidio-mesura-a-la-gobernadora","status":"publish","type":"post","link":"https:\/\/www.elpolitologoyelpolitico.com.ar\/wordpress\/2022\/08\/17\/el-bloque-fdt-se-hizo-eco-del-reclamo-docente-y-pidio-mesura-a-la-gobernadora\/","title":{"rendered":"El Bloque FDT se hizo eco del reclamo docente y pidi\u00f3 mesura a la Gobernadora"},"content":{"rendered":"\n<p>El legislador Pablo Barreno, en representaci\u00f3n del bloque del Frente de Todos, recibi\u00f3 a la secretaria general del gremio docente de la Unter, Sandra Schieroni y a un n\u00famero importante de dirigentes de ese sindicato y se hizo eco del reclamo y de la lucha que los trabajadores de la Educaci\u00f3n llevan adelante en defensa de sus salarios.<\/p>\n\n\n\n<p>El parlamentario escuch\u00f3 la preocupaci\u00f3n de los y las docentes por la situaci\u00f3n que atraviesa el sector, y por la negativa del gobierno provincial a continuar con el di\u00e1logo luego del rechazo del Congreso del sindicato a la propuesta salarial realizada en el marco de la \u00faltima paritaria.<\/p>\n\n\n\n<p>\u201cNo es con provocaci\u00f3n y prepotencia como se solucionan los conflictos sino a trav\u00e9s del di\u00e1logo y el debate franco con los trabajadores y trabajadoras\u201d, expres\u00f3 Barreno al t\u00e9rmino del encuentro.<\/p>\n\n\n\n<p>Por ello, inst\u00f3 a la gobernadora Arabela Carreras a que instruya a sus funcionarios para proceder con la reapertura del di\u00e1logo y que cese con las amenazas vertidas en los medios en las que advierte sobre que no se pagar\u00e1n los aumentos en agosto, los cuales s\u00ed se otorgaron al resto de la administraci\u00f3n p\u00fablica provincial.<\/p>\n\n\n\n<p>El Consejo Directivo de la Unter, encabezado por Sandra Schieroni entreg\u00f3 al bloque un petitorio en el que requieren que la bancada se expida \u201crespecto al conflicto con trabajadores y comunidades educativas, ante falta de una propuesta salarial para el tercer trimestre de 2022, que contemple los justos reclamos de aumento salarial y condiciones edilicias en defensa del derecho de ense\u00f1ar y aprender en condiciones dignas\u201d.<\/p>\n\n\n\n<p>Los y las dirigentes del sindicato explicaron cu\u00e1l fue la propuesta del Estado y aseguraron que \u201ceste tipo de ofertas salariales nos perjudican desde muchos aspectos, entre los que se encuentra el jubilatorio\u201d.&nbsp;<\/p>\n\n\n\n<p>Agregaron que \u201cel reclamo de un incremento salarial que supere la escalada inflacionaria, para no perder el poder adquisitivo de las familias estatales, es por dem\u00e1s justo y necesario. Teniendo en cuenta el costo de vida en la Regi\u00f3n Patag\u00f3nica las diversas realidades de nuestra provincia, hacer una lectura lineal de los ingresos por agente es, por lo menos, perverso\u201d.&nbsp;<\/p>\n\n\n\n<p>Por ello, pidieron a los legisladores \u201cun posicionamiento que acompa\u00f1e a los trabajadores y trabajadoras. Desde el sindicato siempre se ha demostrado la voluntad para el di\u00e1logo en cada espacio. Merecemos un salario digno que nos permita llegar a fin de mes, con la efectiva cobertura de necesidades b\u00e1sicas. Reclamo justo que debe ser acompa\u00f1ado por quienes ejercen representaciones democr\u00e1ticas\u201d.<\/p>\n\n\n\n<p>Barreno, en representaci\u00f3n de sus pares de bancada, se hizo eco del reclamo y se solidariz\u00f3 con los trabajadores docentes.<\/p>\n<div class=\"fb-background-color\">\n\t\t\t  <div \n\t\t\t  \tclass = \"fb-comments\" \n\t\t\t  \tdata-href = \"https:\/\/www.elpolitologoyelpolitico.com.ar\/wordpress\/2022\/08\/17\/el-bloque-fdt-se-hizo-eco-del-reclamo-docente-y-pidio-mesura-a-la-gobernadora\/\"\n\t\t\t  \tdata-numposts = \"10\"\n\t\t\t  \tdata-lazy = \"true\"\n\t\t\t\tdata-colorscheme = \"light\"\n\t\t\t\tdata-order-by = \"social\"\n\t\t\t\tdata-mobile=true>\n\t\t\t  <\/div><\/div>\n\t\t  <style>\n\t\t    .fb-background-color {\n\t\t\t\tbackground: #ffffff !important;\n\t\t\t}\n\t\t\t.fb_iframe_widget_fluid_desktop iframe {\n\t\t\t    width: 100% !important;\n\t\t\t}\n\t\t  <\/style>\n\t\t  ","protected":false},"excerpt":{"rendered":"<p>El legislador Pablo Barreno, en representaci\u00f3n del bloque del Frente de Todos, recibi\u00f3 a la secretaria general del gremio docente de la Unter, Sandra Schieroni y a un n\u00famero importante de dirigentes de ese sindicato y se hizo eco del reclamo y de la lucha que los trabajadores de la Educaci\u00f3n llevan adelante en defensa [&hellip;]<\/p>\n","protected":false},"author":4,"featured_media":23433,"comment_status":"closed","ping_status":"closed","sticky":false,"template":"","format":"standard","meta":{"_joinchat":[],"footnotes":""},"categories":[39],"tags":[],"class_list":["post-23432","post","type-post","status-publish","format-standard","has-post-thumbnail","hentry","category-en-esta-seccion"],"_links":{"self":[{"href":"https:\/\/www.elpolitologoyelpolitico.com.ar\/wordpress\/wp-json\/wp\/v2\/posts\/23432","targetHints":{"allow":["GET"]}}],"collection":[{"href":"https:\/\/www.elpolitologoyelpolitico.com.ar\/wordpress\/wp-json\/wp\/v2\/posts"}],"about":[{"href":"https:\/\/www.elpolitologoyelpolitico.com.ar\/wordpress\/wp-json\/wp\/v2\/types\/post"}],"author":[{"embeddable":true,"href":"https:\/\/www.elpolitologoyelpolitico.com.ar\/wordpress\/wp-json\/wp\/v2\/users\/4"}],"replies":[{"embeddable":true,"href":"https:\/\/www.elpolitologoyelpolitico.com.ar\/wordpress\/wp-json\/wp\/v2\/comments?post=23432"}],"version-history":[{"count":0,"href":"https:\/\/www.elpolitologoyelpolitico.com.ar\/wordpress\/wp-json\/wp\/v2\/posts\/23432\/revisions"}],"wp:featuredmedia":[{"embeddable":true,"href":"https:\/\/www.elpolitologoyelpolitico.com.ar\/wordpress\/wp-json\/wp\/v2\/media\/23433"}],"wp:attachment":[{"href":"https:\/\/www.elpolitologoyelpolitico.com.ar\/wordpress\/wp-json\/wp\/v2\/media?parent=23432"}],"wp:term":[{"taxonomy":"category","embeddable":true,"href":"https:\/\/www.elpolitologoyelpolitico.com.ar\/wordpress\/wp-json\/wp\/v2\/categories?post=23432"},{"taxonomy":"post_tag","embeddable":true,"href":"https:\/\/www.elpolitologoyelpolitico.com.ar\/wordpress\/wp-json\/wp\/v2\/tags?post=23432"}],"curies":[{"name":"wp","href":"https:\/\/api.w.org\/{rel}","templated":true}]}}