{"id":23428,"date":"2022-08-16T23:54:33","date_gmt":"2022-08-16T23:54:33","guid":{"rendered":"https:\/\/www.elpolitologoyelpolitico.com.ar\/wordpress\/?p=23428"},"modified":"2022-08-16T23:55:19","modified_gmt":"2022-08-16T23:55:19","slug":"se-inaugura-la-muestra-por-dentro-quizas-de-carlos-javier-garcia-en-el-cultural","status":"publish","type":"post","link":"https:\/\/www.elpolitologoyelpolitico.com.ar\/wordpress\/2022\/08\/16\/se-inaugura-la-muestra-por-dentro-quizas-de-carlos-javier-garcia-en-el-cultural\/","title":{"rendered":"Se inaugura la muestra \u201cPor dentro quiz\u00e1s\u201d de Carlos Javier Garc\u00eda en el Cultural"},"content":{"rendered":"\n<p>Ma\u00f1ana mi\u00e9rcoles 17 de agosto desde las 19 quedar\u00e1 inaugurada la muestra pl\u00e1stica \u201cPor Dentro Quiz\u00e1s\u201d de Carlos Javier Garc\u00eda en hall y pasillos del Centro Municipal de Cultura, con entrada libre y gratuita.<\/p>\n\n\n\n<p>La muestra permanecer\u00e1 exhibida hasta el 31 de agosto, pudiendo ser visitada en horario de atenci\u00f3n al p\u00fablico&nbsp; de lunes a viernes de 8 a 13 y de 15 a 21 y los fines de semana acorde a la actividad programada en el Centro Cultural.<\/p>\n\n\n\n<p>Javier Garc\u00eda, es un fot\u00f3grafo aficionado nacido en&nbsp; Godoy Cruz, Mendoza, que se encuentra radicado desde 1997 en la comarca Viedma-Patagones. Esta es su primera muestra, se encuentra realizada en formato digital&nbsp; y abarca tem\u00e1ticas tales como paisajes y naturaleza que en ocasiones son intervenidas por objetos y personas en color como en blanco y negro.<\/p>\n\n\n\n<p>La exposici\u00f3n re\u00fane im\u00e1genes tomadas en \u00e1reas naturales de la zona, proponiendo explorar en diferentes sensaciones y conceptos que se descubren al contemplar con detenimiento los elementos que ofrecen esos paisajes, sus estados y texturas en distintos momentos del ciclo natural, la relaci\u00f3n entre ellos.<\/p>\n\n\n\n<p>*Contacto: 2920-519835 \/&nbsp; eljavimail@yahoo.com.ar<\/p>\n<div class=\"fb-background-color\">\n\t\t\t  <div \n\t\t\t  \tclass = \"fb-comments\" \n\t\t\t  \tdata-href = \"https:\/\/www.elpolitologoyelpolitico.com.ar\/wordpress\/2022\/08\/16\/se-inaugura-la-muestra-por-dentro-quizas-de-carlos-javier-garcia-en-el-cultural\/\"\n\t\t\t  \tdata-numposts = \"10\"\n\t\t\t  \tdata-lazy = \"true\"\n\t\t\t\tdata-colorscheme = \"light\"\n\t\t\t\tdata-order-by = \"social\"\n\t\t\t\tdata-mobile=true>\n\t\t\t  <\/div><\/div>\n\t\t  <style>\n\t\t    .fb-background-color {\n\t\t\t\tbackground: #ffffff !important;\n\t\t\t}\n\t\t\t.fb_iframe_widget_fluid_desktop iframe {\n\t\t\t    width: 100% !important;\n\t\t\t}\n\t\t  <\/style>\n\t\t  ","protected":false},"excerpt":{"rendered":"<p>Ma\u00f1ana mi\u00e9rcoles 17 de agosto desde las 19 quedar\u00e1 inaugurada la muestra pl\u00e1stica \u201cPor Dentro Quiz\u00e1s\u201d de Carlos Javier Garc\u00eda en hall y pasillos del Centro Municipal de Cultura, con entrada libre y gratuita. La muestra permanecer\u00e1 exhibida hasta el 31 de agosto, pudiendo ser visitada en horario de atenci\u00f3n al p\u00fablico&nbsp; de lunes a [&hellip;]<\/p>\n","protected":false},"author":4,"featured_media":23429,"comment_status":"closed","ping_status":"closed","sticky":false,"template":"","format":"standard","meta":{"_joinchat":[],"footnotes":""},"categories":[39],"tags":[],"class_list":["post-23428","post","type-post","status-publish","format-standard","has-post-thumbnail","hentry","category-en-esta-seccion"],"_links":{"self":[{"href":"https:\/\/www.elpolitologoyelpolitico.com.ar\/wordpress\/wp-json\/wp\/v2\/posts\/23428","targetHints":{"allow":["GET"]}}],"collection":[{"href":"https:\/\/www.elpolitologoyelpolitico.com.ar\/wordpress\/wp-json\/wp\/v2\/posts"}],"about":[{"href":"https:\/\/www.elpolitologoyelpolitico.com.ar\/wordpress\/wp-json\/wp\/v2\/types\/post"}],"author":[{"embeddable":true,"href":"https:\/\/www.elpolitologoyelpolitico.com.ar\/wordpress\/wp-json\/wp\/v2\/users\/4"}],"replies":[{"embeddable":true,"href":"https:\/\/www.elpolitologoyelpolitico.com.ar\/wordpress\/wp-json\/wp\/v2\/comments?post=23428"}],"version-history":[{"count":0,"href":"https:\/\/www.elpolitologoyelpolitico.com.ar\/wordpress\/wp-json\/wp\/v2\/posts\/23428\/revisions"}],"wp:featuredmedia":[{"embeddable":true,"href":"https:\/\/www.elpolitologoyelpolitico.com.ar\/wordpress\/wp-json\/wp\/v2\/media\/23429"}],"wp:attachment":[{"href":"https:\/\/www.elpolitologoyelpolitico.com.ar\/wordpress\/wp-json\/wp\/v2\/media?parent=23428"}],"wp:term":[{"taxonomy":"category","embeddable":true,"href":"https:\/\/www.elpolitologoyelpolitico.com.ar\/wordpress\/wp-json\/wp\/v2\/categories?post=23428"},{"taxonomy":"post_tag","embeddable":true,"href":"https:\/\/www.elpolitologoyelpolitico.com.ar\/wordpress\/wp-json\/wp\/v2\/tags?post=23428"}],"curies":[{"name":"wp","href":"https:\/\/api.w.org\/{rel}","templated":true}]}}