{"id":23416,"date":"2022-08-16T14:50:20","date_gmt":"2022-08-16T14:50:20","guid":{"rendered":"https:\/\/www.elpolitologoyelpolitico.com.ar\/wordpress\/?p=23416"},"modified":"2022-08-16T14:51:22","modified_gmt":"2022-08-16T14:51:22","slug":"patagones-continua-el-taller-sobre-vicio-y-sustancia-para-prevenir-el-desarrollo-de-consumos-problematicos-de-sustancias-psicoactivas","status":"publish","type":"post","link":"https:\/\/www.elpolitologoyelpolitico.com.ar\/wordpress\/2022\/08\/16\/patagones-continua-el-taller-sobre-vicio-y-sustancia-para-prevenir-el-desarrollo-de-consumos-problematicos-de-sustancias-psicoactivas\/","title":{"rendered":"Patagones: Continua el Taller sobre Vicio y Sustancia para prevenir el desarrollo de consumos problem\u00e1ticos de sustancias psicoactivas"},"content":{"rendered":"\n<p>El Centro Municipal de Adicciones contin\u00faa con el taller \u201cVicio y Sustancia\u201d, que tiene como objetivo prevenir el desarrollo de consumos problem\u00e1ticos de sustancias psicoactivas.&nbsp;<\/p>\n\n\n\n<p>Hasta el momento se han sumado a la propuesta la Escuela de Educaci\u00f3n Secundaria N\u00ba2 Islas Malvinas, Escuela de Educaci\u00f3n Secundaria N\u00ba3 7 de Marzo, Escuela de Educaci\u00f3n Secundaria N\u00ba6, Escuela de Educaci\u00f3n Secundaria N\u00ba8, el Instituto San Jos\u00e9, el Instituto Mar\u00eda Auxiliadora, Escuela de Educaci\u00f3n Secundaria T\u00e9cnica N\u00ba 1, la Escuela de Educaci\u00f3n Secundaria Agraria N\u00ba1 Carlos Spegazzini, la Escuela de Educaci\u00f3n Secundaria N\u00ba7 Cardenal Cagliero de Stroeder, Escuela de Educaci\u00f3n Secundaria N\u00ba 1 Paso Alsina de Villalonga, Escuela de Educaci\u00f3n Secundaria N\u00ba 4 de Pradere y la Escuela de Educaci\u00f3n Secundaria N\u00ba5 de Bah\u00eda San Blas.<\/p>\n\n\n\n<figure class=\"wp-block-gallery has-nested-images columns-default is-cropped wp-block-gallery-1 is-layout-flex wp-block-gallery-is-layout-flex\">\n<figure class=\"wp-block-image size-large\"><img fetchpriority=\"high\" decoding=\"async\" width=\"720\" height=\"540\" data-id=\"23418\" src=\"https:\/\/www.elpolitologoyelpolitico.com.ar\/wp-content\/uploads\/2022\/08\/IMG-20220816-WA0029.jpg\" alt=\"\" class=\"wp-image-23418\" srcset=\"https:\/\/www.elpolitologoyelpolitico.com.ar\/wp-content\/uploads\/2022\/08\/IMG-20220816-WA0029.jpg 720w, https:\/\/www.elpolitologoyelpolitico.com.ar\/wp-content\/uploads\/2022\/08\/IMG-20220816-WA0029-300x225.jpg 300w\" sizes=\"(max-width: 720px) 100vw, 720px\" \/><\/figure>\n\n\n\n<figure class=\"wp-block-image size-large\"><img decoding=\"async\" width=\"719\" height=\"540\" data-id=\"23419\" src=\"https:\/\/www.elpolitologoyelpolitico.com.ar\/wp-content\/uploads\/2022\/08\/IMG-20220816-WA0028.jpg\" alt=\"\" class=\"wp-image-23419\" srcset=\"https:\/\/www.elpolitologoyelpolitico.com.ar\/wp-content\/uploads\/2022\/08\/IMG-20220816-WA0028.jpg 719w, https:\/\/www.elpolitologoyelpolitico.com.ar\/wp-content\/uploads\/2022\/08\/IMG-20220816-WA0028-300x225.jpg 300w\" sizes=\"(max-width: 719px) 100vw, 719px\" \/><\/figure>\n\n\n\n<figure class=\"wp-block-image size-large\"><img decoding=\"async\" width=\"720\" height=\"960\" data-id=\"23420\" src=\"https:\/\/www.elpolitologoyelpolitico.com.ar\/wp-content\/uploads\/2022\/08\/IMG-20220816-WA0026.jpg\" alt=\"\" class=\"wp-image-23420\" srcset=\"https:\/\/www.elpolitologoyelpolitico.com.ar\/wp-content\/uploads\/2022\/08\/IMG-20220816-WA0026.jpg 720w, https:\/\/www.elpolitologoyelpolitico.com.ar\/wp-content\/uploads\/2022\/08\/IMG-20220816-WA0026-225x300.jpg 225w\" sizes=\"(max-width: 720px) 100vw, 720px\" \/><\/figure>\n<\/figure>\n<div class=\"fb-background-color\">\n\t\t\t  <div \n\t\t\t  \tclass = \"fb-comments\" \n\t\t\t  \tdata-href = \"https:\/\/www.elpolitologoyelpolitico.com.ar\/wordpress\/2022\/08\/16\/patagones-continua-el-taller-sobre-vicio-y-sustancia-para-prevenir-el-desarrollo-de-consumos-problematicos-de-sustancias-psicoactivas\/\"\n\t\t\t  \tdata-numposts = \"10\"\n\t\t\t  \tdata-lazy = \"true\"\n\t\t\t\tdata-colorscheme = \"light\"\n\t\t\t\tdata-order-by = \"social\"\n\t\t\t\tdata-mobile=true>\n\t\t\t  <\/div><\/div>\n\t\t  <style>\n\t\t    .fb-background-color {\n\t\t\t\tbackground: #ffffff !important;\n\t\t\t}\n\t\t\t.fb_iframe_widget_fluid_desktop iframe {\n\t\t\t    width: 100% !important;\n\t\t\t}\n\t\t  <\/style>\n\t\t  ","protected":false},"excerpt":{"rendered":"<p>El Centro Municipal de Adicciones contin\u00faa con el taller \u201cVicio y Sustancia\u201d, que tiene como objetivo prevenir el desarrollo de consumos problem\u00e1ticos de sustancias psicoactivas.&nbsp; Hasta el momento se han sumado a la propuesta la Escuela de Educaci\u00f3n Secundaria N\u00ba2 Islas Malvinas, Escuela de Educaci\u00f3n Secundaria N\u00ba3 7 de Marzo, Escuela de Educaci\u00f3n Secundaria N\u00ba6, [&hellip;]<\/p>\n","protected":false},"author":4,"featured_media":23417,"comment_status":"closed","ping_status":"closed","sticky":false,"template":"","format":"standard","meta":{"_joinchat":[],"footnotes":""},"categories":[39],"tags":[],"class_list":["post-23416","post","type-post","status-publish","format-standard","has-post-thumbnail","hentry","category-en-esta-seccion"],"_links":{"self":[{"href":"https:\/\/www.elpolitologoyelpolitico.com.ar\/wordpress\/wp-json\/wp\/v2\/posts\/23416","targetHints":{"allow":["GET"]}}],"collection":[{"href":"https:\/\/www.elpolitologoyelpolitico.com.ar\/wordpress\/wp-json\/wp\/v2\/posts"}],"about":[{"href":"https:\/\/www.elpolitologoyelpolitico.com.ar\/wordpress\/wp-json\/wp\/v2\/types\/post"}],"author":[{"embeddable":true,"href":"https:\/\/www.elpolitologoyelpolitico.com.ar\/wordpress\/wp-json\/wp\/v2\/users\/4"}],"replies":[{"embeddable":true,"href":"https:\/\/www.elpolitologoyelpolitico.com.ar\/wordpress\/wp-json\/wp\/v2\/comments?post=23416"}],"version-history":[{"count":0,"href":"https:\/\/www.elpolitologoyelpolitico.com.ar\/wordpress\/wp-json\/wp\/v2\/posts\/23416\/revisions"}],"wp:featuredmedia":[{"embeddable":true,"href":"https:\/\/www.elpolitologoyelpolitico.com.ar\/wordpress\/wp-json\/wp\/v2\/media\/23417"}],"wp:attachment":[{"href":"https:\/\/www.elpolitologoyelpolitico.com.ar\/wordpress\/wp-json\/wp\/v2\/media?parent=23416"}],"wp:term":[{"taxonomy":"category","embeddable":true,"href":"https:\/\/www.elpolitologoyelpolitico.com.ar\/wordpress\/wp-json\/wp\/v2\/categories?post=23416"},{"taxonomy":"post_tag","embeddable":true,"href":"https:\/\/www.elpolitologoyelpolitico.com.ar\/wordpress\/wp-json\/wp\/v2\/tags?post=23416"}],"curies":[{"name":"wp","href":"https:\/\/api.w.org\/{rel}","templated":true}]}}