{"id":23181,"date":"2022-08-09T22:34:23","date_gmt":"2022-08-09T22:34:23","guid":{"rendered":"https:\/\/www.elpolitologoyelpolitico.com.ar\/wordpress\/?p=23181"},"modified":"2022-08-09T22:35:17","modified_gmt":"2022-08-09T22:35:17","slug":"con-asistencia-nacional-viedma-acompano-la-regularizacion-y-conformacion-de-15-clubes-barriales","status":"publish","type":"post","link":"https:\/\/www.elpolitologoyelpolitico.com.ar\/wordpress\/2022\/08\/09\/con-asistencia-nacional-viedma-acompano-la-regularizacion-y-conformacion-de-15-clubes-barriales\/","title":{"rendered":"Con asistencia nacional, Viedma acompa\u00f1\u00f3 la; regularizaci\u00f3n y conformaci\u00f3n de 15 clubes barriales"},"content":{"rendered":"\n<p>El gobierno de Viedma asisti\u00f3 y asesor\u00f3 a trav\u00e9s de la Secretar\u00eda de Turismo, Cultura y Deportes a quince instituciones deportivas barriales que regularizaron y conformaron su personer\u00eda jur\u00eddica.<\/p>\n\n\n\n<p>Este acompa\u00f1amiento se realiz\u00f3 a partir del programa de Fortalecimiento Institucional para Clubes de Barrio y Pueblo y Otras Entidades Deportivas del ministerio de Turismo y Deporte de Naci\u00f3n.<\/p>\n\n\n\n<p>El intendente Pedro Pesatti agradeci\u00f3 al ministro Mat\u00edas Lammens por la confianza en el gobierno municipal para alcanzar a los clubes en el territorio.<\/p>\n\n\n\n<p>\u201cPudimos integrar nuestro conocimiento en el campo local con este gran programa que fue iniciativa del gobierno nacional ante un problema que nosotros observamos cotidianamente: las dificultades que se atraviesan en ocasiones para conformar legalmente los clubes y asociaciones y de sostener los tr\u00e1mites en forma regular en el tiempo\u201d, se\u00f1al\u00f3 el intendente.<\/p>\n\n\n\n<p>La direcci\u00f3n de coordinaci\u00f3n de la secretar\u00eda de Turismo, Cultura y Deportes de Viedma se encarg\u00f3 del asesoramiento y gesti\u00f3n del equipo de contadores y abogados que llevaron adelante los tr\u00e1mites con las instituciones irregulares y las nuevas.<\/p>\n\n\n\n<p>La inversi\u00f3n del gobierno nacional a trav\u00e9s de la municipalidad super\u00f3 los 350 mil pesos regularizando siete instituciones: Club Social y Deportivo Almirante Brown, Club Social y Deportivo 20 de Junio, Centro de Entrenamiento Formando Futuro, Liga Femenina de F\u00fatbol, Club Castello, Club Social, Cultural y Deportivo Los Pibes del 30 y Tiro Federal.<\/p>\n\n\n\n<p>Adem\u00e1s se conformaron ocho nuevas asociaciones y clubes: La Juan Domingo F\u00fatbol, Asociaci\u00f3n Civil \u00c1rbitros de Hockey, Asociaci\u00f3n Civil F\u00fatbol Senior, Deportivo Las Mil, Club Pioneras, Club Integraci\u00f3n, Club Rivadavia Viedma y Club Pata.<\/p>\n<div class=\"fb-background-color\">\n\t\t\t  <div \n\t\t\t  \tclass = \"fb-comments\" \n\t\t\t  \tdata-href = \"https:\/\/www.elpolitologoyelpolitico.com.ar\/wordpress\/2022\/08\/09\/con-asistencia-nacional-viedma-acompano-la-regularizacion-y-conformacion-de-15-clubes-barriales\/\"\n\t\t\t  \tdata-numposts = \"10\"\n\t\t\t  \tdata-lazy = \"true\"\n\t\t\t\tdata-colorscheme = \"light\"\n\t\t\t\tdata-order-by = \"social\"\n\t\t\t\tdata-mobile=true>\n\t\t\t  <\/div><\/div>\n\t\t  <style>\n\t\t    .fb-background-color {\n\t\t\t\tbackground: #ffffff !important;\n\t\t\t}\n\t\t\t.fb_iframe_widget_fluid_desktop iframe {\n\t\t\t    width: 100% !important;\n\t\t\t}\n\t\t  <\/style>\n\t\t  ","protected":false},"excerpt":{"rendered":"<p>El gobierno de Viedma asisti\u00f3 y asesor\u00f3 a trav\u00e9s de la Secretar\u00eda de Turismo, Cultura y Deportes a quince instituciones deportivas barriales que regularizaron y conformaron su personer\u00eda jur\u00eddica. Este acompa\u00f1amiento se realiz\u00f3 a partir del programa de Fortalecimiento Institucional para Clubes de Barrio y Pueblo y Otras Entidades Deportivas del ministerio de Turismo y [&hellip;]<\/p>\n","protected":false},"author":4,"featured_media":23182,"comment_status":"closed","ping_status":"closed","sticky":false,"template":"","format":"standard","meta":{"_joinchat":[],"footnotes":""},"categories":[4],"tags":[],"class_list":["post-23181","post","type-post","status-publish","format-standard","has-post-thumbnail","hentry","category-politicas-publicas"],"_links":{"self":[{"href":"https:\/\/www.elpolitologoyelpolitico.com.ar\/wordpress\/wp-json\/wp\/v2\/posts\/23181","targetHints":{"allow":["GET"]}}],"collection":[{"href":"https:\/\/www.elpolitologoyelpolitico.com.ar\/wordpress\/wp-json\/wp\/v2\/posts"}],"about":[{"href":"https:\/\/www.elpolitologoyelpolitico.com.ar\/wordpress\/wp-json\/wp\/v2\/types\/post"}],"author":[{"embeddable":true,"href":"https:\/\/www.elpolitologoyelpolitico.com.ar\/wordpress\/wp-json\/wp\/v2\/users\/4"}],"replies":[{"embeddable":true,"href":"https:\/\/www.elpolitologoyelpolitico.com.ar\/wordpress\/wp-json\/wp\/v2\/comments?post=23181"}],"version-history":[{"count":0,"href":"https:\/\/www.elpolitologoyelpolitico.com.ar\/wordpress\/wp-json\/wp\/v2\/posts\/23181\/revisions"}],"wp:featuredmedia":[{"embeddable":true,"href":"https:\/\/www.elpolitologoyelpolitico.com.ar\/wordpress\/wp-json\/wp\/v2\/media\/23182"}],"wp:attachment":[{"href":"https:\/\/www.elpolitologoyelpolitico.com.ar\/wordpress\/wp-json\/wp\/v2\/media?parent=23181"}],"wp:term":[{"taxonomy":"category","embeddable":true,"href":"https:\/\/www.elpolitologoyelpolitico.com.ar\/wordpress\/wp-json\/wp\/v2\/categories?post=23181"},{"taxonomy":"post_tag","embeddable":true,"href":"https:\/\/www.elpolitologoyelpolitico.com.ar\/wordpress\/wp-json\/wp\/v2\/tags?post=23181"}],"curies":[{"name":"wp","href":"https:\/\/api.w.org\/{rel}","templated":true}]}}